{"id":41200,"date":"2023-08-10T09:36:22","date_gmt":"2023-08-10T12:36:22","guid":{"rendered":"https:\/\/www.obispado-mdp.org.ar\/a\/?p=41200"},"modified":"2023-08-10T18:53:09","modified_gmt":"2023-08-10T21:53:09","slug":"el-hcd-despedira-a-mons-mestre","status":"publish","type":"post","link":"https:\/\/www.obispado-mdp.org.ar\/a\/el-hcd-despedira-a-mons-mestre\/","title":{"rendered":"EL HCD DESPEDIR\u00c1 A MONS. MESTRE."},"content":{"rendered":"\n<p class=\"has-pale-cyan-blue-background-color has-background\"><strong>El Concejo Deliberante har\u00e1 una sesi\u00f3n especial para despedir a monse\u00f1or Gabriel Antonio Mestre<\/strong>. <strong>Se realizar\u00e1 el 17 de agosto a las 10hs. y contar\u00e1 con la presencia del recientemente designado arzobispo de La Plata. \u201cHa sido una personalidad clave cumpliendo funciones institucionales en diversos espacios\u201d, resalt\u00f3 S\u00e1nchez Herrero.<\/strong><\/p>\n\n\n\n<p>El Concejo Deliberante confirm\u00f3 que realizar\u00e1 una&nbsp;<strong>Sesi\u00f3n P\u00fablica Especial el pr\u00f3ximo 17 de agosto a las 10hs para despedir a monse\u00f1or Gabriel Mestre<\/strong>, quien a a mediados de septiembre asumir\u00e1 su nuevo cargo como arzobispo de La Plata, tras&nbsp;<a href=\"https:\/\/www.0223.com.ar\/nota\/2023-7-28-7-16-0-monsenor-mestre-fue-designado-arzobispo-de-la-plata-y-deja-la-diocesis-de-mar-del-plata\"><strong>ser designado por el Papa Francisco<\/strong><\/a>.<\/p>\n\n\n\n<p>En la convocatoria oficializada por el Concejo, su presidenta&nbsp;<strong>Marina S\u00e1nchez Herrero<\/strong>&nbsp;resalt\u00f3 que Mestre&nbsp;<strong>\u201cha sido una personalidad clave en el desarrollo de la fe cristiana, cumpliendo funciones institucionales en diversos espacios\u201d<\/strong>.<\/p>\n\n\n\n<p>Por su rol destacado, y en base a un proyecto de Uni\u00f3n por la Patria, se resolvi\u00f3&nbsp;<strong>brindar \u201cuna solemne despedida\u201d a Mestre<\/strong>, con motivo de su partida \u201cal haber sido designado Arzobispo de La Plata por resoluci\u00f3n de su Santidad el Papa Francisco\u201d.<\/p>\n\n\n\n<p>En el decretoN\u00b0158 se destac\u00f3 la trayectoria de Mestre, quien\u00a0<strong>en 2017 se transform\u00f3 en el primer obispo de Mar del Plata nacido en la ciudad<\/strong><\/p>\n\n\n\n<p><a href=\"https:\/\/www.obispado-mdp.org.ar\/a\/wp-content\/uploads\/2023\/08\/DP-158-23-SPE-Monsen\u0303or-Mestre_firmado_firmado.pdf\">VER DECRETO 158<\/a><\/p>\n","protected":false},"excerpt":{"rendered":"<p>El Concejo Deliberante har\u00e1 una sesi\u00f3n especial para despedir a monse\u00f1or Gabriel Antonio Mestre. Se realizar\u00e1 el 17 de agosto a las 10hs. y contar\u00e1 con la presencia del recientemente designado arzobispo de La Plata. \u201cHa sido una personalidad clave cumpliendo funciones institucionales en diversos espacios\u201d, resalt\u00f3 S\u00e1nchez Herrero. El Concejo Deliberante confirm\u00f3 que realizar\u00e1 [&hellip;]<\/p>\n","protected":false},"author":4,"featured_media":41201,"comment_status":"open","ping_status":"open","sticky":false,"template":"","format":"standard","meta":{"_et_pb_use_builder":"","_et_pb_old_content":"","_et_gb_content_width":""},"categories":[4],"tags":[],"aioseo_notices":[],"_links":{"self":[{"href":"https:\/\/www.obispado-mdp.org.ar\/a\/wp-json\/wp\/v2\/posts\/41200"}],"collection":[{"href":"https:\/\/www.obispado-mdp.org.ar\/a\/wp-json\/wp\/v2\/posts"}],"about":[{"href":"https:\/\/www.obispado-mdp.org.ar\/a\/wp-json\/wp\/v2\/types\/post"}],"author":[{"embeddable":true,"href":"https:\/\/www.obispado-mdp.org.ar\/a\/wp-json\/wp\/v2\/users\/4"}],"replies":[{"embeddable":true,"href":"https:\/\/www.obispado-mdp.org.ar\/a\/wp-json\/wp\/v2\/comments?post=41200"}],"version-history":[{"count":3,"href":"https:\/\/www.obispado-mdp.org.ar\/a\/wp-json\/wp\/v2\/posts\/41200\/revisions"}],"predecessor-version":[{"id":41212,"href":"https:\/\/www.obispado-mdp.org.ar\/a\/wp-json\/wp\/v2\/posts\/41200\/revisions\/41212"}],"wp:featuredmedia":[{"embeddable":true,"href":"https:\/\/www.obispado-mdp.org.ar\/a\/wp-json\/wp\/v2\/media\/41201"}],"wp:attachment":[{"href":"https:\/\/www.obispado-mdp.org.ar\/a\/wp-json\/wp\/v2\/media?parent=41200"}],"wp:term":[{"taxonomy":"category","embeddable":true,"href":"https:\/\/www.obispado-mdp.org.ar\/a\/wp-json\/wp\/v2\/categories?post=41200"},{"taxonomy":"post_tag","embeddable":true,"href":"https:\/\/www.obispado-mdp.org.ar\/a\/wp-json\/wp\/v2\/tags?post=41200"}],"curies":[{"name":"wp","href":"https:\/\/api.w.org\/{rel}","templated":true}]}}