{"id":41214,"date":"2023-08-15T09:03:06","date_gmt":"2023-08-15T12:03:06","guid":{"rendered":"https:\/\/www.obispado-mdp.org.ar\/a\/?p=41214"},"modified":"2023-08-15T09:04:28","modified_gmt":"2023-08-15T12:04:28","slug":"mestre-bendijo","status":"publish","type":"post","link":"https:\/\/www.obispado-mdp.org.ar\/a\/mestre-bendijo\/","title":{"rendered":"MESTRE BENDIJO LA CASA GRANJA SAN FRANCISCO DE ASIS."},"content":{"rendered":"\n<p class=\"has-pale-cyan-blue-background-color has-background\"><strong>Mons Mestre presidi\u00f3 la Eucarist\u00eda y bendijo las instalaciones de la Casa Granja San Francisco de As\u00eds que llevan adelante la Fundaci\u00f3n Pironio, Caritas Mar del Plata junto a los Hogares de Cristo de la di\u00f3cesis.<\/strong><\/p>\n\n\n\n<p>Est\u00e1 casa es un espacio para que los j\u00f3venes de los Hogares de Cristo y los centros Barriales profundicen su desarrollo de la vida personal y espiritual. En este espacio del obispado conviven los j\u00f3venes con un <a><\/a>equipo de profesionales de m\u00faltiples disciplinas que acompa\u00f1an a los jovenes, especialmente aquellos con consumos problem\u00e1tico.<\/p>\n\n\n\n<p>El p Hern\u00e1n David di\u00f3 la bienvenida a Mons Mestre y agradeci\u00f3 su personal trabajo para la recuperaci\u00f3n de la granja.<\/p>\n\n\n\n<p>Durante la celebraci\u00f3n religiosa Cesar, uno de los j\u00f3venes de La Casa recibi\u00f3 el sacramento del bautismo y la imposici\u00f3n de la bendici\u00f3n del obispo, los sacerdotes y sus padrinos.<\/p>\n\n\n\n<p>Homil\u00eda<\/p>\n\n\n\n<p>En su homil\u00eda Mons Mestre reflexiona sobre la tierna relaci\u00f3n entre Jes\u00fas y su Madre la Virgen Mar\u00eda.<\/p>\n\n\n\n<p>\u00abEn esta referencia a la escucha y la vivencia de la Palabra se fundamenta el trabajo apost\u00f3lico de esta granja. Nuestro destino \u00faltimo est\u00e1 en el cielo junto a Cristo. En esta Casa aspiramos a restaurar y sanar los v\u00ednculos, desde la din\u00e1mica espiritual de Cristo que no solo sana sino que adem\u00e1s salva. Aqu\u00ed experimentamos la vida espiritual junto al esfuerzo terrenal de la convivencia. Est\u00e1 es la din\u00e1mica que nos propone la v\u00edspera de la fiesta de la Asunci\u00f3n\u00bb finaliz\u00f3 Mons Mestre.<\/p>\n\n\n\n<p>Al t\u00e9rmino de la ceremonia religiosa Mons Mestre bendijo las instalaciones y las personas que trabajan y viven aqu\u00ed. Tambi\u00e9n agradeci\u00f3 el trabajo de los voluntarios que llevan adelante est\u00e1 tarea apost\u00f3lica.<\/p>\n\n\n\n<figure class=\"wp-container-2 wp-block-gallery-1 wp-block-gallery has-nested-images columns-default is-cropped\">\n<figure class=\"wp-block-image size-large\"><img loading=\"lazy\" width=\"1024\" height=\"462\" data-id=\"41215\"  src=\"https:\/\/www.obispado-mdp.org.ar\/a\/wp-content\/uploads\/2023\/08\/8b74f3ef-31bd-4d24-b453-2466f1d5c8b5-copia-1024x462.jpg\" alt=\"\" class=\"wp-image-41215\"\/><\/figure>\n\n\n\n<figure class=\"wp-block-image size-large\"><img loading=\"lazy\" width=\"1024\" height=\"461\" data-id=\"41219\"  src=\"https:\/\/www.obispado-mdp.org.ar\/a\/wp-content\/uploads\/2023\/08\/97c5bf29-a55e-424f-a51d-924557247f2b-copia-1024x461.jpg\" alt=\"\" class=\"wp-image-41219\"\/><\/figure>\n\n\n\n<figure class=\"wp-block-image size-large\"><img loading=\"lazy\" width=\"1024\" height=\"768\" data-id=\"41218\"  src=\"https:\/\/www.obispado-mdp.org.ar\/a\/wp-content\/uploads\/2023\/08\/367460095_691293376359761_5880147741482255365_n-copia-1024x768.jpg\" alt=\"\" class=\"wp-image-41218\"\/><\/figure>\n\n\n\n<figure class=\"wp-block-image size-large\"><img loading=\"lazy\" width=\"1024\" height=\"768\" data-id=\"41220\"  src=\"https:\/\/www.obispado-mdp.org.ar\/a\/wp-content\/uploads\/2023\/08\/367482549_691293539693078_8686149160216869196_n-copia-1024x768.jpg\" alt=\"\" class=\"wp-image-41220\"\/><\/figure>\n\n\n\n<figure class=\"wp-block-image size-large\"><img loading=\"lazy\" width=\"1024\" height=\"768\" data-id=\"41221\"  src=\"https:\/\/www.obispado-mdp.org.ar\/a\/wp-content\/uploads\/2023\/08\/367736783_691293459693086_4603797689525854379_n-copia-1024x768.jpg\" alt=\"\" class=\"wp-image-41221\"\/><\/figure>\n\n\n\n<figure class=\"wp-block-image size-large\"><img loading=\"lazy\" width=\"1024\" height=\"768\" data-id=\"41222\"  src=\"https:\/\/www.obispado-mdp.org.ar\/a\/wp-content\/uploads\/2023\/08\/367738602_691292993026466_1107774366092947005_n-copia-1024x768.jpg\" alt=\"\" class=\"wp-image-41222\"\/><\/figure>\n\n\n\n<figure class=\"wp-block-image size-large\"><img loading=\"lazy\" width=\"768\" height=\"1024\" data-id=\"41223\"  src=\"https:\/\/www.obispado-mdp.org.ar\/a\/wp-content\/uploads\/2023\/08\/368018683_691293689693063_4747451675653398676_n-copia-768x1024.jpg\" alt=\"\" class=\"wp-image-41223\"\/><\/figure>\n\n\n\n<figure class=\"wp-block-image size-large\"><img loading=\"lazy\" width=\"1024\" height=\"461\" data-id=\"41217\"  src=\"https:\/\/www.obispado-mdp.org.ar\/a\/wp-content\/uploads\/2023\/08\/bc123cd0-ba35-446f-befe-aa2e6f2beb7c-copia-1024x461.jpg\" alt=\"\" class=\"wp-image-41217\"\/><\/figure>\n\n\n\n<figure class=\"wp-block-image size-large\"><img loading=\"lazy\" width=\"1024\" height=\"462\" data-id=\"41216\"  src=\"https:\/\/www.obispado-mdp.org.ar\/a\/wp-content\/uploads\/2023\/08\/c0d4ca80-24ed-44f5-9696-6800ea1e7cd8-copia-1024x462.jpg\" alt=\"\" class=\"wp-image-41216\"\/><\/figure>\n<\/figure>\n","protected":false},"excerpt":{"rendered":"<p>Mons Mestre presidi\u00f3 la Eucarist\u00eda y bendijo las instalaciones de la Casa Granja San Francisco de As\u00eds que llevan adelante la Fundaci\u00f3n Pironio, Caritas Mar del Plata junto a los Hogares de Cristo de la di\u00f3cesis. Est\u00e1 casa es un espacio para que los j\u00f3venes de los Hogares de Cristo y los centros Barriales profundicen [&hellip;]<\/p>\n","protected":false},"author":4,"featured_media":41224,"comment_status":"open","ping_status":"open","sticky":false,"template":"","format":"standard","meta":{"_et_pb_use_builder":"","_et_pb_old_content":"","_et_gb_content_width":""},"categories":[4,9],"tags":[],"aioseo_notices":[],"_links":{"self":[{"href":"https:\/\/www.obispado-mdp.org.ar\/a\/wp-json\/wp\/v2\/posts\/41214"}],"collection":[{"href":"https:\/\/www.obispado-mdp.org.ar\/a\/wp-json\/wp\/v2\/posts"}],"about":[{"href":"https:\/\/www.obispado-mdp.org.ar\/a\/wp-json\/wp\/v2\/types\/post"}],"author":[{"embeddable":true,"href":"https:\/\/www.obispado-mdp.org.ar\/a\/wp-json\/wp\/v2\/users\/4"}],"replies":[{"embeddable":true,"href":"https:\/\/www.obispado-mdp.org.ar\/a\/wp-json\/wp\/v2\/comments?post=41214"}],"version-history":[{"count":1,"href":"https:\/\/www.obispado-mdp.org.ar\/a\/wp-json\/wp\/v2\/posts\/41214\/revisions"}],"predecessor-version":[{"id":41225,"href":"https:\/\/www.obispado-mdp.org.ar\/a\/wp-json\/wp\/v2\/posts\/41214\/revisions\/41225"}],"wp:featuredmedia":[{"embeddable":true,"href":"https:\/\/www.obispado-mdp.org.ar\/a\/wp-json\/wp\/v2\/media\/41224"}],"wp:attachment":[{"href":"https:\/\/www.obispado-mdp.org.ar\/a\/wp-json\/wp\/v2\/media?parent=41214"}],"wp:term":[{"taxonomy":"category","embeddable":true,"href":"https:\/\/www.obispado-mdp.org.ar\/a\/wp-json\/wp\/v2\/categories?post=41214"},{"taxonomy":"post_tag","embeddable":true,"href":"https:\/\/www.obispado-mdp.org.ar\/a\/wp-json\/wp\/v2\/tags?post=41214"}],"curies":[{"name":"wp","href":"https:\/\/api.w.org\/{rel}","templated":true}]}}