{"id":41226,"date":"2023-08-15T18:12:51","date_gmt":"2023-08-15T21:12:51","guid":{"rendered":"https:\/\/www.obispado-mdp.org.ar\/a\/?p=41226"},"modified":"2023-08-15T18:28:30","modified_gmt":"2023-08-15T21:28:30","slug":"fiesta-de-la-fe-la-mision-y-el-servicio","status":"publish","type":"post","link":"https:\/\/www.obispado-mdp.org.ar\/a\/fiesta-de-la-fe-la-mision-y-el-servicio\/","title":{"rendered":"FIESTA DE LA FE, LA MISION Y EL SERVICIO."},"content":{"rendered":"\n<p class=\"has-pale-cyan-blue-background-color has-background\"><strong>Se realiz\u00f3 hoy la fiesta patronal de la parroquia de la Asunci\u00f3n de la Sant\u00edsima Virgen presidida por Mons. Mestre que se despidi\u00f3 de la que fuera su primera parroquia como sacerdote.<\/strong><\/p>\n\n\n\n<p>Portando la imagen de la Virgen, la comunidad realiz\u00f3 una procesi\u00f3n por las calles del barrio del hospital Materno con canticos y rezos.<\/p>\n\n\n\n<p>Luego se realiz\u00f3 la Santa Misa presidida por Mons. Mestre y concelebraron los sacerdotes de la parroquia.<\/p>\n\n\n\n<p>Homil\u00eda<br>El Obispo en su homilia nos record\u00f3 las palabras de Mar\u00eda \u00abEstoy aqu\u00ed y soy tu madre\u00bb.<br>Este lema cortito y contundente nos invita a la fiesta que nos da tres motivos de alegr\u00eda, dijo el obispo.p<br>\u00abLos tres motivos son la fiesta de la fe, la fiesta de la misi\u00f3n y la fiesta del servicio.<br>La fiesta de la fe, estas dos mujeres manifiestan la fiesta que hoy celebramos. Este templo en donde el sacramento de la reconciliaci\u00f3n nos permite vivir la fiesta de la fe en cada acto lit\u00fargico de esta comunidad. En medio del dolor del hospital de ni\u00f1os no dejemos de celebrar la fiesta de la fe.<br>La segunda fiesta es la de la Misi\u00f3n, compromiso que asumimos para tocar el coraz\u00f3n de cada vecino. Veo las intenciones de los vecino que en la misi\u00f3n Uds han recogido en estos d\u00edas en varias cajas y me llena de emoci\u00f3n.<br>La tercera de las fiestas es la del servicio y que tiene el nombre propio: casa de Bethania. En honor a la Virgen Bethania es el lugar f\u00edsicos propio del servicio a la comunidad que va a concentrar toda la ayuda de esta parroquia a los necesitados del hospital y del barrio.<br>Est\u00e1 es la fiesta de la Virgen que abraza la fe, la misi\u00f3n y el servicio. Cuidemos el templo, el barrio, el hospital y a Bethania como lugar de misi\u00f3n.<br>Hoy es mi \u00faltima Misa que comparto en esta parroquia donde fui p\u00e1rroco y pastor. Los conozco como comunidad y les agradezco que hayamos podido compartir juntos este tiempo.<br>Tambi\u00e9n agradezco al p\u00e1rroco el padre Luis, que adem\u00e1s me acompa\u00f1o como Vicario General de la di\u00f3cesis desde que asum\u00ed como Obispo hace 6 a\u00f1os.<br>No olvidare a esta parroquia donde fui p\u00e1rroco y d\u00f3nde descansan los restos de mi madre y varios parientes en el cinerario. Les aseguro que est\u00e1n en mi coraz\u00f3n y no olvidare est\u00e1 parroquia de la Asunci\u00f3n\u00bb, finaliz\u00f3 el obispo.<\/p>\n\n\n\n<p>Despedida del di\u00e1cono Marcelo y Sandra<br>El Obispo Gabriel despidi\u00f3 a Marcelo Lovera y Sandra y record\u00f3 cuando hace 21 a\u00f1os comenzaron una tarea de evangelizaci\u00f3n. Ahora continuar\u00e1n su tarea misional en C\u00f3rdoba y la comunidad los despidi\u00f3 con un gran reconocimiento por el bien que han realizado en esta di\u00f3cesis.<\/p>\n\n\n\n<p>Por \u00faltimo toda la comunidad hizo un gesto de bendiciones para Mons Mestre, pidiendo por su nueva misi\u00f3n en el arzobispado de La Plata.<\/p>\n\n\n\n<p>Por \u00faltimo, miembros de la comunidad dieron un mensaje de despedida a Mons Mestre.<\/p>\n\n\n\n<p>Al t\u00e9rmino de la celebracion la banda de la Armada Argentina entonaron marchas militares en honor a la Virgen.<\/p>\n\n\n\n<p>FOTOS: Elena Navas<\/p>\n\n\n\n<figure class=\"wp-container-2 wp-block-gallery-1 wp-block-gallery has-nested-images columns-default is-cropped\">\n<figure class=\"wp-block-image size-large\"><img loading=\"lazy\" width=\"1024\" height=\"472\" data-id=\"41232\"  src=\"https:\/\/www.obispado-mdp.org.ar\/a\/wp-content\/uploads\/2023\/08\/0d0d4f57-e3b8-4bbd-8ea7-63fbf9303d1f-1024x472.jpg\" alt=\"\" class=\"wp-image-41232\"\/><\/figure>\n\n\n\n<figure class=\"wp-block-image size-large\"><img loading=\"lazy\" width=\"1024\" height=\"472\" data-id=\"41229\"  src=\"https:\/\/www.obispado-mdp.org.ar\/a\/wp-content\/uploads\/2023\/08\/54183c7d-3236-4f39-81de-084e440e2f03-1024x472.jpg\" alt=\"\" class=\"wp-image-41229\"\/><\/figure>\n\n\n\n<figure class=\"wp-block-image size-large\"><img loading=\"lazy\" width=\"1024\" height=\"472\" data-id=\"41227\"  src=\"https:\/\/www.obispado-mdp.org.ar\/a\/wp-content\/uploads\/2023\/08\/83845bb9-b1d6-41b5-bddb-1f242b03ecdf-copia-1024x472.jpg\" alt=\"\" class=\"wp-image-41227\"\/><\/figure>\n\n\n\n<figure class=\"wp-block-image size-large\"><img loading=\"lazy\" width=\"1024\" height=\"768\" data-id=\"41230\"  src=\"https:\/\/www.obispado-mdp.org.ar\/a\/wp-content\/uploads\/2023\/08\/48565531-b6b0-4fcc-bd3d-a127fc92ddc4-1024x768.jpg\" alt=\"\" class=\"wp-image-41230\"\/><\/figure>\n\n\n\n<figure class=\"wp-block-image size-large\"><img loading=\"lazy\" width=\"1024\" height=\"472\" data-id=\"41228\"  src=\"https:\/\/www.obispado-mdp.org.ar\/a\/wp-content\/uploads\/2023\/08\/a2ec13d9-4ff4-462c-b072-d8a7b7a1bf59-copia-1024x472.jpg\" alt=\"\" class=\"wp-image-41228\"\/><\/figure>\n\n\n\n<figure class=\"wp-block-image size-large\"><img loading=\"lazy\" width=\"1024\" height=\"1024\" data-id=\"41231\"  src=\"https:\/\/www.obispado-mdp.org.ar\/a\/wp-content\/uploads\/2023\/08\/a9f9d36f-56a5-41cc-882a-3de6b91217fa-1024x1024.jpg\" alt=\"\" class=\"wp-image-41231\"\/><\/figure>\n<\/figure>\n\n\n\n<hr class=\"wp-block-separator has-alpha-channel-opacity\"\/>\n\n\n\n<figure class=\"wp-container-4 wp-block-gallery-3 wp-block-gallery has-nested-images columns-default is-cropped\">\n<figure class=\"wp-block-image size-large\"><img loading=\"lazy\" width=\"1024\" height=\"472\" data-id=\"41234\"  src=\"https:\/\/www.obispado-mdp.org.ar\/a\/wp-content\/uploads\/2023\/08\/5d5c9216-d7da-4de6-94bc-a3d543a66456-copia-copia-1024x472.jpg\" alt=\"\" class=\"wp-image-41234\"\/><\/figure>\n\n\n\n<figure class=\"wp-block-image size-large\"><img loading=\"lazy\" width=\"1024\" height=\"472\" data-id=\"41233\"  src=\"https:\/\/www.obispado-mdp.org.ar\/a\/wp-content\/uploads\/2023\/08\/08b26da5-b28d-41f7-8a88-39c538d7d65a-copia-copia-1024x472.jpg\" alt=\"\" class=\"wp-image-41233\"\/><\/figure>\n\n\n\n<figure class=\"wp-block-image size-large\"><img loading=\"lazy\" width=\"1024\" height=\"576\" data-id=\"41237\"  src=\"https:\/\/www.obispado-mdp.org.ar\/a\/wp-content\/uploads\/2023\/08\/59e54585-26c1-46ea-8215-90b862a8b3f7-copia-copia-1024x576.jpg\" alt=\"\" class=\"wp-image-41237\"\/><\/figure>\n\n\n\n<figure class=\"wp-block-image size-large\"><img loading=\"lazy\" width=\"1024\" height=\"472\" data-id=\"41235\"  src=\"https:\/\/www.obispado-mdp.org.ar\/a\/wp-content\/uploads\/2023\/08\/b4de2d54-df28-459b-bf67-3b6fe1f029e8-copia-copia-1024x472.jpg\" alt=\"\" class=\"wp-image-41235\"\/><\/figure>\n\n\n\n<figure class=\"wp-block-image size-large\"><img loading=\"lazy\" width=\"1024\" height=\"472\" data-id=\"41236\"  src=\"https:\/\/www.obispado-mdp.org.ar\/a\/wp-content\/uploads\/2023\/08\/c0eafa95-d0a1-447d-b259-0d8eaec9a912-1024x472.jpg\" alt=\"\" class=\"wp-image-41236\"\/><\/figure>\n<\/figure>\n","protected":false},"excerpt":{"rendered":"<p>Se realiz\u00f3 hoy la fiesta patronal de la parroquia de la Asunci\u00f3n de la Sant\u00edsima Virgen presidida por Mons. Mestre que se despidi\u00f3 de la que fuera su primera parroquia como sacerdote. Portando la imagen de la Virgen, la comunidad realiz\u00f3 una procesi\u00f3n por las calles del barrio del hospital Materno con canticos y rezos. [&hellip;]<\/p>\n","protected":false},"author":4,"featured_media":41238,"comment_status":"open","ping_status":"open","sticky":false,"template":"","format":"standard","meta":{"_et_pb_use_builder":"","_et_pb_old_content":"","_et_gb_content_width":""},"categories":[4,9],"tags":[],"aioseo_notices":[],"_links":{"self":[{"href":"https:\/\/www.obispado-mdp.org.ar\/a\/wp-json\/wp\/v2\/posts\/41226"}],"collection":[{"href":"https:\/\/www.obispado-mdp.org.ar\/a\/wp-json\/wp\/v2\/posts"}],"about":[{"href":"https:\/\/www.obispado-mdp.org.ar\/a\/wp-json\/wp\/v2\/types\/post"}],"author":[{"embeddable":true,"href":"https:\/\/www.obispado-mdp.org.ar\/a\/wp-json\/wp\/v2\/users\/4"}],"replies":[{"embeddable":true,"href":"https:\/\/www.obispado-mdp.org.ar\/a\/wp-json\/wp\/v2\/comments?post=41226"}],"version-history":[{"count":2,"href":"https:\/\/www.obispado-mdp.org.ar\/a\/wp-json\/wp\/v2\/posts\/41226\/revisions"}],"predecessor-version":[{"id":41240,"href":"https:\/\/www.obispado-mdp.org.ar\/a\/wp-json\/wp\/v2\/posts\/41226\/revisions\/41240"}],"wp:featuredmedia":[{"embeddable":true,"href":"https:\/\/www.obispado-mdp.org.ar\/a\/wp-json\/wp\/v2\/media\/41238"}],"wp:attachment":[{"href":"https:\/\/www.obispado-mdp.org.ar\/a\/wp-json\/wp\/v2\/media?parent=41226"}],"wp:term":[{"taxonomy":"category","embeddable":true,"href":"https:\/\/www.obispado-mdp.org.ar\/a\/wp-json\/wp\/v2\/categories?post=41226"},{"taxonomy":"post_tag","embeddable":true,"href":"https:\/\/www.obispado-mdp.org.ar\/a\/wp-json\/wp\/v2\/tags?post=41226"}],"curies":[{"name":"wp","href":"https:\/\/api.w.org\/{rel}","templated":true}]}}