{"id":41241,"date":"2023-08-16T12:09:40","date_gmt":"2023-08-16T15:09:40","guid":{"rendered":"https:\/\/www.obispado-mdp.org.ar\/a\/?p=41241"},"modified":"2023-08-17T07:07:08","modified_gmt":"2023-08-17T10:07:08","slug":"placa-y-manolito-de-mons-rau","status":"publish","type":"post","link":"https:\/\/www.obispado-mdp.org.ar\/a\/placa-y-manolito-de-mons-rau\/","title":{"rendered":"PLACA Y MONOLITO DE MONS. RAU."},"content":{"rendered":"\n<p class=\"has-pale-cyan-blue-background-color has-background\"><strong>El padre obispo Gabriel bendijo esta ma\u00f1ana &nbsp;la placa que se reinstal\u00f3 sobre el monolito ubicado en la intersecci\u00f3n de Av. Fortunato de la Plaza y calle Mons. Rau, recordando la figura de Mons. Rau como primer obispo de la di\u00f3cesis.<\/strong><\/p>\n\n\n\n<p>Mestre desataco la figura emblem\u00e1tica de Mons. Ra\u00fal a quien reconoci\u00f3 como un<strong> \u201cpastor con olor a oveja y muy comprometido con su di\u00f3cesis\u201d.<\/strong><\/p>\n\n\n\n<p>El Monolito y placa fueron autorizados y emplazados por ordenanza&nbsp; 5001\/81. Si bien desde 1981 se encontraban all\u00ed, producto de vandalizanci\u00f3n y accidentes automovil\u00edsticos, la placa hab\u00eda desaparecido y el monolito result\u00f3 destruido. Ante el reclamo de vecinos a la MGP, se dio intervenci\u00f3n a la Direcci\u00f3n de Cultos del municipio y a la Comisi\u00f3n de Bienes Culturales del obispado, que en conjunto gestionaron la reconstrucci\u00f3n del monolito y la colocaci\u00f3n de una nueva placa conteniendo el texto original. La gesti\u00f3n incluy\u00f3 la participaci\u00f3n y colaboraci\u00f3n del colegio Huinc\u00f3, Mons. Rau en la reposici\u00f3n de la placa.<\/p>\n\n\n\n<p>Se encontrar\u00e1n presentes autoridades de la JUREC, religiosas, municipales, colegiales, abanderados, estudiantes y comunidad educativa del colegio mencionado.<\/p>\n\n\n\n<figure class=\"wp-container-2 wp-block-gallery-1 wp-block-gallery has-nested-images columns-default is-cropped\">\n<figure class=\"wp-block-image size-large\"><img loading=\"lazy\" width=\"1024\" height=\"768\" data-id=\"41243\"  src=\"https:\/\/www.obispado-mdp.org.ar\/a\/wp-content\/uploads\/2023\/08\/0ab2af7a-d8e1-466f-b2e1-361f763bac76-1-1024x768.jpg\" alt=\"\" class=\"wp-image-41243\"\/><\/figure>\n\n\n\n<figure class=\"wp-block-image size-large\"><img loading=\"lazy\" width=\"768\" height=\"1024\" data-id=\"41245\"  src=\"https:\/\/www.obispado-mdp.org.ar\/a\/wp-content\/uploads\/2023\/08\/3b0692e6-c390-495b-a906-4507c03571c7-768x1024.jpg\" alt=\"\" class=\"wp-image-41245\"\/><\/figure>\n\n\n\n<figure class=\"wp-block-image size-large\"><img loading=\"lazy\" width=\"1024\" height=\"768\" data-id=\"41244\"  src=\"https:\/\/www.obispado-mdp.org.ar\/a\/wp-content\/uploads\/2023\/08\/4e688a35-0330-4ef1-aad0-fea1762a5b53-1024x768.jpg\" alt=\"\" class=\"wp-image-41244\"\/><\/figure>\n\n\n\n<figure class=\"wp-block-image size-large\"><img loading=\"lazy\" width=\"1024\" height=\"768\" data-id=\"41248\"  src=\"https:\/\/www.obispado-mdp.org.ar\/a\/wp-content\/uploads\/2023\/08\/73cf1980-2123-4ac7-9d12-681cd7130aae-1024x768.jpg\" alt=\"\" class=\"wp-image-41248\"\/><\/figure>\n\n\n\n<figure class=\"wp-block-image size-large\"><img loading=\"lazy\" width=\"768\" height=\"1024\" data-id=\"41242\"  src=\"https:\/\/www.obispado-mdp.org.ar\/a\/wp-content\/uploads\/2023\/08\/816e7182-40a2-4a8f-8baa-4b63c1d7cf7e-768x1024.jpg\" alt=\"\" class=\"wp-image-41242\"\/><\/figure>\n\n\n\n<figure class=\"wp-block-image size-large\"><img loading=\"lazy\" width=\"1024\" height=\"768\" data-id=\"41246\"  src=\"https:\/\/www.obispado-mdp.org.ar\/a\/wp-content\/uploads\/2023\/08\/1777f69d-bc00-42f1-8af3-db05f5f0d04b-1024x768.jpg\" alt=\"\" class=\"wp-image-41246\"\/><\/figure>\n\n\n\n<figure class=\"wp-block-image size-large\"><img loading=\"lazy\" width=\"768\" height=\"1024\" data-id=\"41247\"  src=\"https:\/\/www.obispado-mdp.org.ar\/a\/wp-content\/uploads\/2023\/08\/7052ed3a-35db-4665-b6f3-564cc22dba05-768x1024.jpg\" alt=\"\" class=\"wp-image-41247\"\/><\/figure>\n\n\n\n<figure class=\"wp-block-image size-large\"><img loading=\"lazy\" width=\"1024\" height=\"768\" data-id=\"41249\"  src=\"https:\/\/www.obispado-mdp.org.ar\/a\/wp-content\/uploads\/2023\/08\/84283e46-af04-4361-a6c8-696d825cdc71-1024x768.jpg\" alt=\"\" class=\"wp-image-41249\"\/><\/figure>\n<\/figure>\n","protected":false},"excerpt":{"rendered":"<p>El padre obispo Gabriel bendijo esta ma\u00f1ana &nbsp;la placa que se reinstal\u00f3 sobre el monolito ubicado en la intersecci\u00f3n de Av. Fortunato de la Plaza y calle Mons. Rau, recordando la figura de Mons. Rau como primer obispo de la di\u00f3cesis. Mestre desataco la figura emblem\u00e1tica de Mons. Ra\u00fal a quien reconoci\u00f3 como un \u201cpastor [&hellip;]<\/p>\n","protected":false},"author":4,"featured_media":41250,"comment_status":"open","ping_status":"open","sticky":false,"template":"","format":"standard","meta":{"_et_pb_use_builder":"","_et_pb_old_content":"","_et_gb_content_width":""},"categories":[4,7],"tags":[],"aioseo_notices":[],"_links":{"self":[{"href":"https:\/\/www.obispado-mdp.org.ar\/a\/wp-json\/wp\/v2\/posts\/41241"}],"collection":[{"href":"https:\/\/www.obispado-mdp.org.ar\/a\/wp-json\/wp\/v2\/posts"}],"about":[{"href":"https:\/\/www.obispado-mdp.org.ar\/a\/wp-json\/wp\/v2\/types\/post"}],"author":[{"embeddable":true,"href":"https:\/\/www.obispado-mdp.org.ar\/a\/wp-json\/wp\/v2\/users\/4"}],"replies":[{"embeddable":true,"href":"https:\/\/www.obispado-mdp.org.ar\/a\/wp-json\/wp\/v2\/comments?post=41241"}],"version-history":[{"count":6,"href":"https:\/\/www.obispado-mdp.org.ar\/a\/wp-json\/wp\/v2\/posts\/41241\/revisions"}],"predecessor-version":[{"id":41259,"href":"https:\/\/www.obispado-mdp.org.ar\/a\/wp-json\/wp\/v2\/posts\/41241\/revisions\/41259"}],"wp:featuredmedia":[{"embeddable":true,"href":"https:\/\/www.obispado-mdp.org.ar\/a\/wp-json\/wp\/v2\/media\/41250"}],"wp:attachment":[{"href":"https:\/\/www.obispado-mdp.org.ar\/a\/wp-json\/wp\/v2\/media?parent=41241"}],"wp:term":[{"taxonomy":"category","embeddable":true,"href":"https:\/\/www.obispado-mdp.org.ar\/a\/wp-json\/wp\/v2\/categories?post=41241"},{"taxonomy":"post_tag","embeddable":true,"href":"https:\/\/www.obispado-mdp.org.ar\/a\/wp-json\/wp\/v2\/tags?post=41241"}],"curies":[{"name":"wp","href":"https:\/\/api.w.org\/{rel}","templated":true}]}}