{"id":41260,"date":"2023-08-17T12:51:41","date_gmt":"2023-08-17T15:51:41","guid":{"rendered":"https:\/\/www.obispado-mdp.org.ar\/a\/?p=41260"},"modified":"2023-08-17T15:03:56","modified_gmt":"2023-08-17T18:03:56","slug":"un-pastor-que-nos-dejo-su-marca","status":"publish","type":"post","link":"https:\/\/www.obispado-mdp.org.ar\/a\/un-pastor-que-nos-dejo-su-marca\/","title":{"rendered":"UN PASTOR QUE NOS DEJA SU MARCA."},"content":{"rendered":"\n<p><strong>Mons. Gabriel Mestre recibi\u00f3 esta ma\u00f1ana un emocionado homenaje y despedida por parte del Honorable Concejo Deliberante de General Pueyrred\u00f3n con la lectura de un documento aprobado por todas las fuerzas pol\u00edticas de la ciudad.<\/strong><\/p>\n\n\n\n<p>En emocionado reconocimiento recibi\u00f3 Mons. Gabriel Mestre en el recinto del HCD con palabras de agradecimiento por parte de todas las fuerzas pol\u00edticas de la ciudad. Momento de alegr\u00eda y muchos testimonios de agradecimiento fueron expresados por ediles de fuerzas pol\u00edticas diversas en total unidad y consenso por el homenaje y despedida a quien fuera designado Arzobispo de La Plata por el Papa Francisco.<\/p>\n\n\n\n<p>El recinto estaba totalmente colmado por los ediles de las distintas bancada. En el centro del recinto se ubic\u00f3 Mons. Mestre junto a su padre y su hermana. Luego lo siguieron autoridades de distintas instituciones religiosas, gremiales, econ\u00f3micas y sociales, autoridades educativas y militares.<\/p>\n\n\n\n<p>La presidente del HCD, Marina S\u00e1nchez Herrero solicito la lectura de un documento conjunto de todas las fuerzas pol\u00edticas de la ciudad en que se expresa textualmente:<\/p>\n\n\n\n<p>\u201cHoy este honorable cuerpo quiere destacar, distinguir y reconocer a nuestro Obispo Gabriel Mestre; a quien el 28 de julio del pasado mes; el Papa Francisco lo design\u00f3 arzobispo de la arquidi\u00f3cesis de La Plata.<\/p>\n\n\n\n<p>Hace seis a\u00f1os, el 26 de agosto de 2017, monse\u00f1or Gabriel Mestre se convert\u00eda en protagonista de una ordenaci\u00f3n episcopal hist\u00f3rica para la di\u00f3cesis local al asumir como el representante m\u00e1s joven de la Iglesia en la regi\u00f3n, siendo el&nbsp; s\u00e9ptimo obispo de la historia de la di\u00f3cesis y el primero que es marplatense.<\/p>\n\n\n\n<p>Curs\u00f3 sus estudios primarios en la Escuela N\u00b0 61 y los secundarios en el Colegio Industrial ENET 1. Despu\u00e9s inici\u00f3 la licenciatura en Servicio Social, que interrumpi\u00f3 para seguir su vocaci\u00f3n sacerdotal.&nbsp; Fue ordenado sacerdote el 16 de mayo de 1997 por la imposici\u00f3n de manos de monse\u00f1or Jos\u00e9 Mar\u00eda Arancedo, entonces obispo de Mar del Plata.<\/p>\n\n\n\n<p>Sin\u00f3nimo de cercan\u00eda, desde el primer d\u00eda de su ordenaci\u00f3n se comprometi\u00f3 a ser \u201cpadre, hermano y amigo\u201d. Palabras llenas de vida, palabras que reclaman un equilibrio saludable de cercan\u00eda y autoridad, servicio y presidencia, amor y firmeza que necesitan de todos y que \u00e9l ha sabido llevar con tanta humildad.<\/p>\n\n\n\n<p>Algunos sabr\u00e1n que los obispos al asumir deben elegir un lema y Gabriel eligi\u00f3 una frase de la biblia que dice \u201cCristo es nuestra paz\u201d.&nbsp; Lo hemos escuchado decir, en m\u00e1s de una oportunidad, que \u201csi bien esta frase tiene un sentido espiritual y teol\u00f3gico para los que tenemos fe, tambi\u00e9n tiene una mirada positivamente secular referido al valor de la paz; valor esencial e importante y que hay que construirlo d\u00eda a d\u00eda desde el lugar en el que estemos\u201d.<\/p>\n\n\n\n<p>Gran anfitri\u00f3n a la reflexi\u00f3n, famoso por los \u201ctres puntitos\u201d de sus homil\u00edas, \u201ccomo una chispa que dispara la palabra para la acci\u00f3n comprometida\u201d, a lo largo de estos a\u00f1os en Mar del Plata, Gabriel ha priorizado el di\u00e1logo con todas las comunidades y la sociedad civil. Muestra de una Iglesia misericordiosa y comprometida. Una Iglesia siempre cercana, que se involucra y sale al encuentro.&nbsp; Testigo de ello son los vecinos de esta ciudad, en el recuerdo vivo de un mate compartido.<\/p>\n\n\n\n<p>Sumado a lo anterior, cabe destacar su tarea pol\u00edtica -no de car\u00e1cter partidario-, sino desde la perspectiva y el compromiso. Pasos enmarcados, posicionando temas, situaciones y problem\u00e1ticas siempre en un clima de paz, en el marco de una cultura del encuentro y de la amistad social, palabras que el Papa expresa en diversos lugares y que Gabriel ha sabido conjugar invitando a que cada uno desde su lugar sea constructor de la paz social.<\/p>\n\n\n\n<p>Por todo lo expresado, por su acci\u00f3n social, su proyecci\u00f3n pastoral, y su compromiso personal; este honorable cuerpo expresa su reconocimiento, su agradecimiento y desea que esta nueva misi\u00f3n que el papa le encomienda sea vivida con estos dones que lo caracterizan; con alegr\u00eda, en clave de fraternidad, encuentro y justicia social\u201d finaliza el documento firmados por todos los ediles.<\/p>\n\n\n\n<p><strong>Adhesiones<\/strong><\/p>\n\n\n\n<p>SE leyeron a las adhesiones del Intendente Guillermo Montenegro, de la titular ANSES, Fernanda Raverta, del Dip Maxi Abad y los senadores Alejandro Rabinovich y Javier Bordaisco, quienes testimoniaron por escrito su adhesi\u00f3n a este homenaje destacando las virtudes del Mons. Gabriel.<\/p>\n\n\n\n<p>Pidieron la palabra el Cjal Miguel Giglielmoti, y expreso \u201cMar del Plata te recordar\u00e1 como un hombre preocupado por los pobres y tu continuo gesto de la esperanza creativa. Vemos un hilo entre Pironio y Mestre, ambos en distintos tiempos muy ocupados en la construcci\u00f3n de una o sociedad fundada en la esperanza\u201d.<\/p>\n\n\n\n<p>Luego el Cjal Horacio Taccone dijo \u00abGabriel siempre propuso una palabra importante y llena de esperanza y soluci\u00f3n. Nunca necesito una palabra prepotente para esclarecer una situaci\u00f3n, y siempre antepuso su testimonio personal\u00bb.<\/p>\n\n\n\n<p>A su turno Florencia Ranellucci, dijo \u00abhoy no despedimos a Mestre sino que le estamos haciendo un agradecimiento por su profunda huella de paz y bondad que sembraste en la ciudad\u00bb.<\/p>\n\n\n\n<p>El cjal Roberto Gandolfi expuso que \u201cGabriel siempre tuvo una mirada atenta al problema social, pero a la vez una mirada de ternura a cada uno de los que,  siguiendo Francisco, luchamos por la tierra, el techo y el trabajo. Gracias y no te olvidaremos. Sos para nosotros un pastor que nos deja su marca\u201d<\/p>\n\n\n\n<p>Mat\u00edas Maciel record\u00f3 el \u201cprofundo trabajo del obispo en la pandemia, siempre tendiendo puentes para sostener la esperanza de los mas golpeados por la enfermedad y sus consecuencias sociales.<\/p>\n\n\n\n<p>Vito Amalfitano, dio un emocionado testimonio personal a la vez que reconoci\u00f3 \u00ablas virtudes de Mons. Mestre y su trato afable y cari\u00f1oso con todas las personas que se acercaban a \u00e9l\u201d.<\/p>\n\n\n\n<p>Por \u00faltimo, Mercedes Morro, visiblemente emocionada puso de manifiesto el trabajo conjunto por la defensa de vida y otras actividades realizadas con Gabriel.<\/p>\n\n\n\n<p><strong>Discurso de Mestre<\/strong><\/p>\n\n\n\n<p>Para cerrar la Sesi\u00f3n especial del HCD, Mons. Mestre dijo \u201cEn mi humana fragilidad intent\u00e9 tender puentes respetando las diferencias, siempre valorando a cada persona.<\/p>\n\n\n\n<p>Siempre busque la cultura del di\u00e1logo y el encuentro. Agradezco todo lo que destacan de mi gesti\u00f3n, pero es producto de un equipo de trabajo de la di\u00f3cesis. Sin un equipo comprometido con el magisterio del Papa no podr\u00eda haber llevado adelante estos 6 a\u00f1os de trabajo apost\u00f3lico. Este equipo es garant\u00eda de continuidad.<\/p>\n\n\n\n<p>Siempre buscamos tender puentes para construir el bien com\u00fan y especialmente para sostener a los descartados del sistema. Muchas gracias!\u00bb finaliz\u00f3 Mestre en medio del aplauso de los presentes.<\/p>\n\n\n\n<p>COMPARTIMOS EL VIDEO DEL HCD <a href=\"https:\/\/www.youtube.com\/watch?v=8_sLqjwAN0w\">https:\/\/www.youtube.com\/watch?v=8_sLqjwAN0w<\/a><\/p>\n\n\n\n<p>FOTOS Elena Navas<\/p>\n\n\n\n<figure class=\"wp-container-2 wp-block-gallery-1 wp-block-gallery has-nested-images columns-default is-cropped\">\n<figure class=\"wp-block-image size-large\"><img loading=\"lazy\" width=\"1024\" height=\"472\" data-id=\"41262\"  src=\"https:\/\/www.obispado-mdp.org.ar\/a\/wp-content\/uploads\/2023\/08\/0ed4885d-41e2-4b81-b57a-e64e2612bcec-1024x472.jpg\" alt=\"\" class=\"wp-image-41262\"\/><\/figure>\n\n\n\n<figure class=\"wp-block-image size-large\"><img loading=\"lazy\" width=\"1024\" height=\"472\" data-id=\"41263\"  src=\"https:\/\/www.obispado-mdp.org.ar\/a\/wp-content\/uploads\/2023\/08\/1ba1378f-df37-4d30-8668-3b6a6f30a446-1024x472.jpg\" alt=\"\" class=\"wp-image-41263\"\/><\/figure>\n\n\n\n<figure class=\"wp-block-image size-large\"><img loading=\"lazy\" width=\"1024\" height=\"768\" data-id=\"41266\"  src=\"https:\/\/www.obispado-mdp.org.ar\/a\/wp-content\/uploads\/2023\/08\/03d2bb5f-11b0-452e-9255-9b90f77ee880-1024x768.jpg\" alt=\"\" class=\"wp-image-41266\"\/><\/figure>\n\n\n\n<figure class=\"wp-block-image size-large\"><img loading=\"lazy\" width=\"768\" height=\"1024\" data-id=\"41271\"  src=\"https:\/\/www.obispado-mdp.org.ar\/a\/wp-content\/uploads\/2023\/08\/0c3dfe2c-445f-4b49-b876-d6230f07e49f-768x1024.jpg\" alt=\"\" class=\"wp-image-41271\"\/><\/figure>\n\n\n\n<figure class=\"wp-block-image size-large\"><img loading=\"lazy\" width=\"1024\" height=\"768\" data-id=\"41269\"  src=\"https:\/\/www.obispado-mdp.org.ar\/a\/wp-content\/uploads\/2023\/08\/8a1b509d-a540-440c-9571-b167c4774b3c-1024x768.jpg\" alt=\"\" class=\"wp-image-41269\"\/><\/figure>\n\n\n\n<figure class=\"wp-block-image size-large\"><img loading=\"lazy\" width=\"1024\" height=\"768\" data-id=\"41268\"  src=\"https:\/\/www.obispado-mdp.org.ar\/a\/wp-content\/uploads\/2023\/08\/83e291b3-38ee-4187-aba6-a4e781003012-1024x768.jpg\" alt=\"\" class=\"wp-image-41268\"\/><\/figure>\n\n\n\n<figure class=\"wp-block-image size-large\"><img loading=\"lazy\" width=\"1024\" height=\"768\" data-id=\"41265\"  src=\"https:\/\/www.obispado-mdp.org.ar\/a\/wp-content\/uploads\/2023\/08\/9771621a-cef8-4f73-9d4c-c645195d366d-1024x768.jpg\" alt=\"\" class=\"wp-image-41265\"\/><\/figure>\n\n\n\n<figure class=\"wp-block-image size-large\"><img loading=\"lazy\" width=\"1024\" height=\"768\" data-id=\"41267\"  src=\"https:\/\/www.obispado-mdp.org.ar\/a\/wp-content\/uploads\/2023\/08\/ae6a4bdc-28ae-4b94-a23e-38dde2aa8bcb-1024x768.jpg\" alt=\"\" class=\"wp-image-41267\"\/><\/figure>\n\n\n\n<figure class=\"wp-block-image size-large\"><img loading=\"lazy\" width=\"1024\" height=\"472\" data-id=\"41261\"  src=\"https:\/\/www.obispado-mdp.org.ar\/a\/wp-content\/uploads\/2023\/08\/d9ded4d5-8c6e-4284-9b5a-701154da034b-1024x472.jpg\" alt=\"\" class=\"wp-image-41261\"\/><\/figure>\n<\/figure>\n","protected":false},"excerpt":{"rendered":"<p>Mons. Gabriel Mestre recibi\u00f3 esta ma\u00f1ana un emocionado homenaje y despedida por parte del Honorable Concejo Deliberante de General Pueyrred\u00f3n con la lectura de un documento aprobado por todas las fuerzas pol\u00edticas de la ciudad. En emocionado reconocimiento recibi\u00f3 Mons. Gabriel Mestre en el recinto del HCD con palabras de agradecimiento por parte de todas [&hellip;]<\/p>\n","protected":false},"author":4,"featured_media":41273,"comment_status":"open","ping_status":"open","sticky":false,"template":"","format":"standard","meta":{"_et_pb_use_builder":"","_et_pb_old_content":"","_et_gb_content_width":""},"categories":[4],"tags":[],"aioseo_notices":[],"_links":{"self":[{"href":"https:\/\/www.obispado-mdp.org.ar\/a\/wp-json\/wp\/v2\/posts\/41260"}],"collection":[{"href":"https:\/\/www.obispado-mdp.org.ar\/a\/wp-json\/wp\/v2\/posts"}],"about":[{"href":"https:\/\/www.obispado-mdp.org.ar\/a\/wp-json\/wp\/v2\/types\/post"}],"author":[{"embeddable":true,"href":"https:\/\/www.obispado-mdp.org.ar\/a\/wp-json\/wp\/v2\/users\/4"}],"replies":[{"embeddable":true,"href":"https:\/\/www.obispado-mdp.org.ar\/a\/wp-json\/wp\/v2\/comments?post=41260"}],"version-history":[{"count":4,"href":"https:\/\/www.obispado-mdp.org.ar\/a\/wp-json\/wp\/v2\/posts\/41260\/revisions"}],"predecessor-version":[{"id":41277,"href":"https:\/\/www.obispado-mdp.org.ar\/a\/wp-json\/wp\/v2\/posts\/41260\/revisions\/41277"}],"wp:featuredmedia":[{"embeddable":true,"href":"https:\/\/www.obispado-mdp.org.ar\/a\/wp-json\/wp\/v2\/media\/41273"}],"wp:attachment":[{"href":"https:\/\/www.obispado-mdp.org.ar\/a\/wp-json\/wp\/v2\/media?parent=41260"}],"wp:term":[{"taxonomy":"category","embeddable":true,"href":"https:\/\/www.obispado-mdp.org.ar\/a\/wp-json\/wp\/v2\/categories?post=41260"},{"taxonomy":"post_tag","embeddable":true,"href":"https:\/\/www.obispado-mdp.org.ar\/a\/wp-json\/wp\/v2\/tags?post=41260"}],"curies":[{"name":"wp","href":"https:\/\/api.w.org\/{rel}","templated":true}]}}