{"id":41279,"date":"2023-08-18T12:47:48","date_gmt":"2023-08-18T15:47:48","guid":{"rendered":"https:\/\/www.obispado-mdp.org.ar\/a\/?p=41279"},"modified":"2023-08-18T12:48:18","modified_gmt":"2023-08-18T15:48:18","slug":"la-facultad-de-humanidades-se-llamara-coca-maggi","status":"publish","type":"post","link":"https:\/\/www.obispado-mdp.org.ar\/a\/la-facultad-de-humanidades-se-llamara-coca-maggi\/","title":{"rendered":"LA FACULTAD DE HUMANIDADES SE LLAMARA COCA MAGGI."},"content":{"rendered":"\n<p class=\"has-pale-cyan-blue-background-color has-background\"><strong>El padre Mons Mestre particip\u00f3 est\u00e1 ma\u00f1ana del acto en la Facultad de Humanidades que, en el trayecto de recuperaci\u00f3n historica de su identidad, dispuso dar el nombre de Mar\u00eda del Carmen Coca Maggi al edificio de la Facultad.<\/strong><\/p>\n\n\n\n<p>Participaron de la ceremonia el decano de la Facultad, Enrique Andreotti Romanin, el rector de la Universidad Nacional de Mar del Plata, Alfredo Lazaretti, autoridades de la Universidad y la facultad, junto <a><\/a>a familiares de Coca Maggi, asesinada en 1976.<\/p>\n\n\n\n<p>\u00abCoca Maggi sintetiza el pensamiento de la Facultad\u00bb, dijo el decano. Agrego que su \u00abpersonalidad es la s\u00edntesis de ideas de persona comprometida con su tiempo, hasta el punto que ofrend\u00f3 su vida por sus ideales\u00bb.<\/p>\n\n\n\n<p>Cristina Rosental, ex decana, amiga personal y alumna de Coca, expres\u00f3 que Maggi siempre recordaba a cada alumno \u00abque t\u00fa vocaci\u00f3n sirva al pueblo\u00bb, como signo de vocaci\u00f3n de amor por el otro.<\/p>\n\n\n\n<p>A su tiempo Mons. Mestre dijo <strong>\u00absoy Obispo cat\u00f3lico producto de la educaci\u00f3n p\u00fablica, tuve clases en esta misma aula. Coca es una verdadera humanista comprometida con su pueblo y por eso la asesinaron. En este tema oscuro de la relaci\u00f3n de iglesia y dictadura, la Iglesia est\u00e1 haciendo un camino de revisi\u00f3n y hay personas impresentables que desde la iglesia no estuvieron a la altura de las circunstancias. Pero Coca s\u00ed es presentable porque estaba asociada al pensamiento y la obra de Mons Pironio, otro hombre de la iglesia comprometido con su iglesia y su pueblo. Coca es el paradigma de un cristiano cat\u00f3lico comprometido con la verdad, el pueblo y la democracia, y me alegro que est\u00e1 Facultad lleve su nombre\u00bb, <\/strong>finaliz\u00f3 el obispo.<\/p>\n\n\n\n<p>Por \u00faltimo el rector Lazaretti agradeci\u00f3 a Mestre el trabajo por la comunidad y su mirada autocr\u00edtica por el rol de la Iglesia en la dictadura. \u00ab<strong>C\u00f3mo no creyente, este obispo me hizo leer Fratelli Tutti \u00bb la mas socialista de las enc\u00edclicas, me dijo el obispo\u00bb y agradezco su amplitud y vocaci\u00f3n de encuentro y di\u00e1logo. <\/strong>Le deseo un gran futuro como Arzobispo de La Plata\u00bb, finaliz\u00f3 el Rector.<\/p>\n\n\n\n<figure class=\"wp-container-2 wp-block-gallery-1 wp-block-gallery has-nested-images columns-default is-cropped\">\n<figure class=\"wp-block-image size-large\"><img loading=\"lazy\" width=\"1024\" height=\"768\" data-id=\"41281\"  src=\"https:\/\/www.obispado-mdp.org.ar\/a\/wp-content\/uploads\/2023\/08\/366363674_693805822775183_7298808593668149881_n-1024x768.jpg\" alt=\"\" class=\"wp-image-41281\"\/><\/figure>\n\n\n\n<figure class=\"wp-block-image size-large\"><img loading=\"lazy\" width=\"1024\" height=\"733\" data-id=\"41284\"  src=\"https:\/\/www.obispado-mdp.org.ar\/a\/wp-content\/uploads\/2023\/08\/366366667_693806146108484_8263541998036348931_n-1024x733.jpg\" alt=\"\" class=\"wp-image-41284\"\/><\/figure>\n\n\n\n<figure class=\"wp-block-image size-large\"><img loading=\"lazy\" width=\"1024\" height=\"768\" data-id=\"41285\"  src=\"https:\/\/www.obispado-mdp.org.ar\/a\/wp-content\/uploads\/2023\/08\/366696637_693806382775127_5631750298183173521_n-1024x768.jpg\" alt=\"\" class=\"wp-image-41285\"\/><\/figure>\n\n\n\n<figure class=\"wp-block-image size-large\"><img loading=\"lazy\" width=\"1024\" height=\"768\" data-id=\"41283\"  src=\"https:\/\/www.obispado-mdp.org.ar\/a\/wp-content\/uploads\/2023\/08\/368617867_693806272775138_5152109714361557961_n-1024x768.jpg\" alt=\"\" class=\"wp-image-41283\"\/><\/figure>\n\n\n\n<figure class=\"wp-block-image size-large\"><img loading=\"lazy\" width=\"1024\" height=\"768\" data-id=\"41280\"  src=\"https:\/\/www.obispado-mdp.org.ar\/a\/wp-content\/uploads\/2023\/08\/368632007_693806219441810_6591000556473296919_n-1024x768.jpg\" alt=\"\" class=\"wp-image-41280\"\/><\/figure>\n<\/figure>\n\n\n\n<figure class=\"wp-block-image size-large\"><img loading=\"lazy\" width=\"1024\" height=\"768\" src=\"https:\/\/www.obispado-mdp.org.ar\/a\/wp-content\/uploads\/2023\/08\/366362656_693806329441799_759134909290954005_n-1-1024x768.jpg\" alt=\"\" class=\"wp-image-41286\"\/><\/figure>\n","protected":false},"excerpt":{"rendered":"<p>El padre Mons Mestre particip\u00f3 est\u00e1 ma\u00f1ana del acto en la Facultad de Humanidades que, en el trayecto de recuperaci\u00f3n historica de su identidad, dispuso dar el nombre de Mar\u00eda del Carmen Coca Maggi al edificio de la Facultad. Participaron de la ceremonia el decano de la Facultad, Enrique Andreotti Romanin, el rector de la [&hellip;]<\/p>\n","protected":false},"author":4,"featured_media":41282,"comment_status":"open","ping_status":"open","sticky":false,"template":"","format":"standard","meta":{"_et_pb_use_builder":"","_et_pb_old_content":"","_et_gb_content_width":""},"categories":[4,9],"tags":[],"aioseo_notices":[],"_links":{"self":[{"href":"https:\/\/www.obispado-mdp.org.ar\/a\/wp-json\/wp\/v2\/posts\/41279"}],"collection":[{"href":"https:\/\/www.obispado-mdp.org.ar\/a\/wp-json\/wp\/v2\/posts"}],"about":[{"href":"https:\/\/www.obispado-mdp.org.ar\/a\/wp-json\/wp\/v2\/types\/post"}],"author":[{"embeddable":true,"href":"https:\/\/www.obispado-mdp.org.ar\/a\/wp-json\/wp\/v2\/users\/4"}],"replies":[{"embeddable":true,"href":"https:\/\/www.obispado-mdp.org.ar\/a\/wp-json\/wp\/v2\/comments?post=41279"}],"version-history":[{"count":2,"href":"https:\/\/www.obispado-mdp.org.ar\/a\/wp-json\/wp\/v2\/posts\/41279\/revisions"}],"predecessor-version":[{"id":41288,"href":"https:\/\/www.obispado-mdp.org.ar\/a\/wp-json\/wp\/v2\/posts\/41279\/revisions\/41288"}],"wp:featuredmedia":[{"embeddable":true,"href":"https:\/\/www.obispado-mdp.org.ar\/a\/wp-json\/wp\/v2\/media\/41282"}],"wp:attachment":[{"href":"https:\/\/www.obispado-mdp.org.ar\/a\/wp-json\/wp\/v2\/media?parent=41279"}],"wp:term":[{"taxonomy":"category","embeddable":true,"href":"https:\/\/www.obispado-mdp.org.ar\/a\/wp-json\/wp\/v2\/categories?post=41279"},{"taxonomy":"post_tag","embeddable":true,"href":"https:\/\/www.obispado-mdp.org.ar\/a\/wp-json\/wp\/v2\/tags?post=41279"}],"curies":[{"name":"wp","href":"https:\/\/api.w.org\/{rel}","templated":true}]}}