{"id":41289,"date":"2023-08-19T17:57:41","date_gmt":"2023-08-19T20:57:41","guid":{"rendered":"https:\/\/www.obispado-mdp.org.ar\/a\/?p=41289"},"modified":"2023-08-19T18:01:04","modified_gmt":"2023-08-19T21:01:04","slug":"encuentro-de-catequistas","status":"publish","type":"post","link":"https:\/\/www.obispado-mdp.org.ar\/a\/encuentro-de-catequistas\/","title":{"rendered":"ENCUENTRO DE CATEQUISTAS DE TODA LA DI\u00d3CESIS."},"content":{"rendered":"\n<p><strong>Con la presencia del padre Obispo Gabriel se realiz\u00f3 hoy el encuentro Diocesano de Catequesis con la participaci\u00f3n de catequistas de todas las ciudades de di\u00f3cesis. Misa de clausura en FASTA.<\/strong><\/p>\n\n\n\n<p>En una jornada de trabajo que comenz\u00f3 con la oraci\u00f3n, el obispo realiz\u00f3 una iluminaci\u00f3n sobre \u00ablos desaf\u00edos de catequizar en un cambio de \u00e9poca\u00bb. Luego se realizaron trabajos en comisiones y finalizaron a la tarde con la Santa Misa presidida por Mons. Mestre en las instalaciones de Fasta.<\/p>\n\n\n\n<p>En la apertura, Mestre dijo que \u00abLa renovaci\u00f3n de la catequesis es Jes\u00fas. Este es el verdadero centro de la renovaci\u00f3n de toda la catequesis\u00bb.<\/p>\n\n\n\n<p><strong>Los desaf\u00edos de catequizar en un cambio de \u00e9poca<\/strong>. Este es el t\u00edtulo de la iluminaci\u00f3n que Mons. Mestre realiz\u00f3 en la ma\u00f1ana del encuentro de catequistas de la di\u00f3cesis.<\/p>\n\n\n\n<p>C\u00f3mo es habitual, el padre Obispo propuso tres puntos:<\/p>\n\n\n\n<p>1 &#8211; La realidad del mundo de hoy. Citando al Papa Francisco resalt\u00f3 la necesidad de entender que estamos en un momento de profundas transformaciones. \u00abLa tecnolog\u00eda nos atraviesa como una nueva cultura y no podemos escapar a esta realidad\u00bb.<\/p>\n\n\n\n<p>2 &#8211; Desde Cristo nuestra respuesta ante esta realidad. Propuso el vers\u00edculo de Juan \u00abyo he venido para que las ovejas tengan vida en abundancia\u00bb como el fundamento de nuestro programa de catequesis. Sobre este tema Mestre propuso cinco cauces para el trabajo apost\u00f3lico de todo catequista.<\/p>\n\n\n\n<p>3 \u2013 En la conclusi\u00f3n, Mestre repaso algunos p\u00e1rrafos del Evangelio y resalto afirmaciones del propio Papa Francisco en Evangelii Gaudium:<br>EG 80: \u00a1No nos dejemos robar el entusiasmo misionero!<\/p>\n\n\n\n<p>EG 83: \u00a1No nos dejemos robar la alegr\u00eda evangelizadora!<\/p>\n\n\n\n<p>EG 86: \u00a1No nos dejemos robar la esperanza!<\/p>\n\n\n\n<p>EG 92: \u00a1No nos dejemos robar la comunidad!<\/p>\n\n\n\n<p>EG 97: \u00a1No nos dejemos robar el Evangelio!<\/p>\n\n\n\n<p>EG 101: \u00a1No nos dejemos robar el ideal del amor fraterno!<\/p>\n\n\n\n<p>EG 109: \u00a1No nos dejemos robar la fuerza misionera!<\/p>\n\n\n\n<figure class=\"wp-container-2 wp-block-gallery-1 wp-block-gallery has-nested-images columns-default is-cropped\">\n<figure class=\"wp-block-image size-large\"><img loading=\"lazy\" width=\"1024\" height=\"768\" data-id=\"41297\"  src=\"https:\/\/www.obispado-mdp.org.ar\/a\/wp-content\/uploads\/2023\/08\/a5fe8cd6-2fd9-48b4-8d59-29439868c23c-copia-1024x768.jpg\" alt=\"\" class=\"wp-image-41297\"\/><\/figure>\n\n\n\n<figure class=\"wp-block-image size-large\"><img loading=\"lazy\" width=\"1024\" height=\"768\" data-id=\"41294\"  src=\"https:\/\/www.obispado-mdp.org.ar\/a\/wp-content\/uploads\/2023\/08\/1da8c609-f15f-4611-b5d2-935da44a404c-copia-1024x768.jpg\" alt=\"\" class=\"wp-image-41294\"\/><\/figure>\n\n\n\n<figure class=\"wp-block-image size-large\"><img loading=\"lazy\" width=\"1024\" height=\"768\" data-id=\"41293\"  src=\"https:\/\/www.obispado-mdp.org.ar\/a\/wp-content\/uploads\/2023\/08\/8a097b44-7e94-4cb3-a221-6256c46164b1-copia-1024x768.jpg\" alt=\"\" class=\"wp-image-41293\"\/><\/figure>\n\n\n\n<figure class=\"wp-block-image size-large\"><img loading=\"lazy\" width=\"1024\" height=\"768\" data-id=\"41295\"  src=\"https:\/\/www.obispado-mdp.org.ar\/a\/wp-content\/uploads\/2023\/08\/bc858392-9d90-48ab-8686-78fef033e520-copia-1024x768.jpg\" alt=\"\" class=\"wp-image-41295\"\/><\/figure>\n\n\n\n<figure class=\"wp-block-image size-large\"><img loading=\"lazy\" width=\"1024\" height=\"768\" data-id=\"41296\"  src=\"https:\/\/www.obispado-mdp.org.ar\/a\/wp-content\/uploads\/2023\/08\/cb3669da-d5a7-4bb9-b064-f23b05d7d942-copia-1024x768.jpg\" alt=\"\" class=\"wp-image-41296\"\/><\/figure>\n\n\n\n<figure class=\"wp-block-image size-large\"><img loading=\"lazy\" width=\"1024\" height=\"472\" data-id=\"41290\"  src=\"https:\/\/www.obispado-mdp.org.ar\/a\/wp-content\/uploads\/2023\/08\/230f6fd9-b817-4341-8a39-dcdcb8cf53a3-1024x472.jpg\" alt=\"\" class=\"wp-image-41290\"\/><\/figure>\n\n\n\n<figure class=\"wp-block-image size-large\"><img loading=\"lazy\" width=\"1024\" height=\"472\" data-id=\"41292\"  src=\"https:\/\/www.obispado-mdp.org.ar\/a\/wp-content\/uploads\/2023\/08\/067b1cee-05e6-49bd-8db6-c84337c52b57-1024x472.jpg\" alt=\"\" class=\"wp-image-41292\"\/><\/figure>\n<\/figure>\n\n\n\n<hr class=\"wp-block-separator has-alpha-channel-opacity\"\/>\n\n\n\n<figure class=\"wp-block-image size-large\"><img loading=\"lazy\" width=\"1024\" height=\"576\" src=\"https:\/\/www.obispado-mdp.org.ar\/a\/wp-content\/uploads\/2023\/08\/afc09deb-df0e-4a9d-890c-e171e45e947a-1024x576.jpg\" alt=\"\" class=\"wp-image-41298\"\/><\/figure>\n","protected":false},"excerpt":{"rendered":"<p>Con la presencia del padre Obispo Gabriel se realiz\u00f3 hoy el encuentro Diocesano de Catequesis con la participaci\u00f3n de catequistas de todas las ciudades de di\u00f3cesis. Misa de clausura en FASTA. En una jornada de trabajo que comenz\u00f3 con la oraci\u00f3n, el obispo realiz\u00f3 una iluminaci\u00f3n sobre \u00ablos desaf\u00edos de catequizar en un cambio de [&hellip;]<\/p>\n","protected":false},"author":4,"featured_media":41299,"comment_status":"open","ping_status":"open","sticky":false,"template":"","format":"standard","meta":{"_et_pb_use_builder":"","_et_pb_old_content":"","_et_gb_content_width":""},"categories":[4],"tags":[],"aioseo_notices":[],"_links":{"self":[{"href":"https:\/\/www.obispado-mdp.org.ar\/a\/wp-json\/wp\/v2\/posts\/41289"}],"collection":[{"href":"https:\/\/www.obispado-mdp.org.ar\/a\/wp-json\/wp\/v2\/posts"}],"about":[{"href":"https:\/\/www.obispado-mdp.org.ar\/a\/wp-json\/wp\/v2\/types\/post"}],"author":[{"embeddable":true,"href":"https:\/\/www.obispado-mdp.org.ar\/a\/wp-json\/wp\/v2\/users\/4"}],"replies":[{"embeddable":true,"href":"https:\/\/www.obispado-mdp.org.ar\/a\/wp-json\/wp\/v2\/comments?post=41289"}],"version-history":[{"count":1,"href":"https:\/\/www.obispado-mdp.org.ar\/a\/wp-json\/wp\/v2\/posts\/41289\/revisions"}],"predecessor-version":[{"id":41300,"href":"https:\/\/www.obispado-mdp.org.ar\/a\/wp-json\/wp\/v2\/posts\/41289\/revisions\/41300"}],"wp:featuredmedia":[{"embeddable":true,"href":"https:\/\/www.obispado-mdp.org.ar\/a\/wp-json\/wp\/v2\/media\/41299"}],"wp:attachment":[{"href":"https:\/\/www.obispado-mdp.org.ar\/a\/wp-json\/wp\/v2\/media?parent=41289"}],"wp:term":[{"taxonomy":"category","embeddable":true,"href":"https:\/\/www.obispado-mdp.org.ar\/a\/wp-json\/wp\/v2\/categories?post=41289"},{"taxonomy":"post_tag","embeddable":true,"href":"https:\/\/www.obispado-mdp.org.ar\/a\/wp-json\/wp\/v2\/tags?post=41289"}],"curies":[{"name":"wp","href":"https:\/\/api.w.org\/{rel}","templated":true}]}}