{"id":41301,"date":"2023-08-21T12:59:29","date_gmt":"2023-08-21T15:59:29","guid":{"rendered":"https:\/\/www.obispado-mdp.org.ar\/a\/?p=41301"},"modified":"2023-08-21T13:06:01","modified_gmt":"2023-08-21T16:06:01","slug":"mision-ver-sacrum-en-miramar","status":"publish","type":"post","link":"https:\/\/www.obispado-mdp.org.ar\/a\/mision-ver-sacrum-en-miramar\/","title":{"rendered":"MISION VER SACRUM EN MIRAMAR."},"content":{"rendered":"\n<p class=\"has-pale-cyan-blue-background-color has-background\"><strong>Mons. Mestre encabez\u00f3 la Misa de clausura de la misi\u00f3n Ver Sacrum en Miramar.<\/strong><\/p>\n\n\n\n<p class=\"has-white-background-color has-background\">Esta ma\u00f1ana el padre obispo Gabriel de Mar del Plata presidi\u00f3 la misa de clausura de la Misi\u00f3n Ver Sacrum, de la Juventud de Schoenstatt de Mar del Plata, en la parroquia San Andr\u00e9s de Miramar. Concelebraron la Eucarist\u00eda el p\u00e1rroco, Pbro. Pablo Boldrini, y el asesor del movimiento, Pbro. Juan Cruz Mennilli.<\/p>\n\n\n\n<p>La misi\u00f3n, que se llev\u00f3 a cabo con el lema \u201cPrimavera Sagrada, creando un cielo en la tierra\u201d, fue encabezada por unos 35 j\u00f3venes universitarios de la juventud de Schoenstatt de la di\u00f3cesis de Mar del Plata, quienes durante los d\u00edas viernes, s\u00e1bado, domingo y lunes visitaron la comunidad del barrio Aeroparque, recorriendo casa por casa para compartir la Palabra y realizando tambi\u00e9n talleres para adultos y j\u00f3venes.<\/p>\n\n\n\n<p>Durante la celebraci\u00f3n, Mons. Mestre agradeci\u00f3 a los j\u00f3venes el esfuerzo y entrega brindados y los alent\u00f3 a seguir siempre el camino de la misi\u00f3n, fortaleciendo la fe en esa entrega diaria.<\/p>\n\n\n\n<p>Acompa\u00f1aron la celebraci\u00f3n tres novicios de los Padres de Schoenstatt de Mar del Plata, que est\u00e1n terminando la practica del noviciado.<\/p>\n\n\n\n<p>Cr\u00f3nica Francisco Huarte<\/p>\n\n\n\n<figure class=\"wp-container-2 wp-block-gallery-1 wp-block-gallery has-nested-images columns-default is-cropped\">\n<figure class=\"wp-block-image size-large\"><img loading=\"lazy\" width=\"1024\" height=\"768\" data-id=\"41305\"  src=\"https:\/\/www.obispado-mdp.org.ar\/a\/wp-content\/uploads\/2023\/08\/IMG-20230821-WA0057.jpg\" alt=\"\" class=\"wp-image-41305\"\/><\/figure>\n\n\n\n<figure class=\"wp-block-image size-large\"><img loading=\"lazy\" width=\"1024\" height=\"768\" data-id=\"41306\"  src=\"https:\/\/www.obispado-mdp.org.ar\/a\/wp-content\/uploads\/2023\/08\/IMG-20230821-WA0029.jpg\" alt=\"\" class=\"wp-image-41306\"\/><\/figure>\n\n\n\n<figure class=\"wp-block-image\"><img src=\"blob:https:\/\/www.obispado-mdp.org.ar\/734ee7ef-c467-4f88-bbcb-ff043e4f0385\" alt=\"\"\/><\/figure>\n\n\n\n<figure class=\"wp-block-image size-large\"><img loading=\"lazy\" width=\"1024\" height=\"768\" data-id=\"41303\"  src=\"https:\/\/www.obispado-mdp.org.ar\/a\/wp-content\/uploads\/2023\/08\/IMG-20230821-WA0034.jpg\" alt=\"\" class=\"wp-image-41303\"\/><\/figure>\n\n\n\n<figure class=\"wp-block-image size-large\"><img loading=\"lazy\" width=\"1024\" height=\"768\" data-id=\"41304\"  src=\"https:\/\/www.obispado-mdp.org.ar\/a\/wp-content\/uploads\/2023\/08\/IMG-20230821-WA0042.jpg\" alt=\"\" class=\"wp-image-41304\"\/><\/figure>\n\n\n\n<figure class=\"wp-block-image size-large\"><img loading=\"lazy\" width=\"1024\" height=\"768\" data-id=\"41308\"  src=\"https:\/\/www.obispado-mdp.org.ar\/a\/wp-content\/uploads\/2023\/08\/IMG-20230821-WA0008.jpg\" alt=\"\" class=\"wp-image-41308\"\/><\/figure>\n\n\n\n<figure class=\"wp-block-image size-large\"><img loading=\"lazy\" width=\"1024\" height=\"768\" data-id=\"41307\"  src=\"https:\/\/www.obispado-mdp.org.ar\/a\/wp-content\/uploads\/2023\/08\/IMG-20230821-WA0001-1024x768.jpg\" alt=\"\" class=\"wp-image-41307\"\/><\/figure>\n<\/figure>\n\n\n\n<figure class=\"wp-block-embed\"><div class=\"wp-block-embed__wrapper\">\nhttps:\/\/m.facebook.com\/story.php?story_fbid=pfbid0jGyREkzQnC54ZaLokRtRGJwjsFV1HzWQLaQxyJU1iPf3CsMndsG7cuGzLSnfg81Cl&#038;id=100064373154326&#038;mibextid=Nif5oz\n<\/div><\/figure>\n","protected":false},"excerpt":{"rendered":"<p>Mons. Mestre encabez\u00f3 la Misa de clausura de la misi\u00f3n Ver Sacrum en Miramar. Esta ma\u00f1ana el padre obispo Gabriel de Mar del Plata presidi\u00f3 la misa de clausura de la Misi\u00f3n Ver Sacrum, de la Juventud de Schoenstatt de Mar del Plata, en la parroquia San Andr\u00e9s de Miramar. Concelebraron la Eucarist\u00eda el p\u00e1rroco, [&hellip;]<\/p>\n","protected":false},"author":4,"featured_media":41309,"comment_status":"open","ping_status":"open","sticky":false,"template":"","format":"standard","meta":{"_et_pb_use_builder":"","_et_pb_old_content":"","_et_gb_content_width":""},"categories":[4],"tags":[],"aioseo_notices":[],"_links":{"self":[{"href":"https:\/\/www.obispado-mdp.org.ar\/a\/wp-json\/wp\/v2\/posts\/41301"}],"collection":[{"href":"https:\/\/www.obispado-mdp.org.ar\/a\/wp-json\/wp\/v2\/posts"}],"about":[{"href":"https:\/\/www.obispado-mdp.org.ar\/a\/wp-json\/wp\/v2\/types\/post"}],"author":[{"embeddable":true,"href":"https:\/\/www.obispado-mdp.org.ar\/a\/wp-json\/wp\/v2\/users\/4"}],"replies":[{"embeddable":true,"href":"https:\/\/www.obispado-mdp.org.ar\/a\/wp-json\/wp\/v2\/comments?post=41301"}],"version-history":[{"count":4,"href":"https:\/\/www.obispado-mdp.org.ar\/a\/wp-json\/wp\/v2\/posts\/41301\/revisions"}],"predecessor-version":[{"id":41313,"href":"https:\/\/www.obispado-mdp.org.ar\/a\/wp-json\/wp\/v2\/posts\/41301\/revisions\/41313"}],"wp:featuredmedia":[{"embeddable":true,"href":"https:\/\/www.obispado-mdp.org.ar\/a\/wp-json\/wp\/v2\/media\/41309"}],"wp:attachment":[{"href":"https:\/\/www.obispado-mdp.org.ar\/a\/wp-json\/wp\/v2\/media?parent=41301"}],"wp:term":[{"taxonomy":"category","embeddable":true,"href":"https:\/\/www.obispado-mdp.org.ar\/a\/wp-json\/wp\/v2\/categories?post=41301"},{"taxonomy":"post_tag","embeddable":true,"href":"https:\/\/www.obispado-mdp.org.ar\/a\/wp-json\/wp\/v2\/tags?post=41301"}],"curies":[{"name":"wp","href":"https:\/\/api.w.org\/{rel}","templated":true}]}}