{"id":41316,"date":"2023-08-22T17:52:18","date_gmt":"2023-08-22T20:52:18","guid":{"rendered":"https:\/\/www.obispado-mdp.org.ar\/a\/?p=41316"},"modified":"2023-08-22T17:52:28","modified_gmt":"2023-08-22T20:52:28","slug":"mons-mestre-se-despidio-del-personal-del-obispado","status":"publish","type":"post","link":"https:\/\/www.obispado-mdp.org.ar\/a\/mons-mestre-se-despidio-del-personal-del-obispado\/","title":{"rendered":"MONS MESTRE SE DESPIDIO DEL PERSONAL DEL OBISPADO."},"content":{"rendered":"\n<p class=\"has-pale-cyan-blue-background-color has-background\"><strong>El obispo presidi\u00f3 esta ma\u00f1ana la misa de acci\u00f3n de gracias por el servicio del personal del obispado. El equipo que colabora en el obispado con el ministerio del obispo est\u00e1 conformado por unas 10 personas que, diariamente, llevan adelante las tareas administrativas y de servicio a las comunidades de la di\u00f3ces<\/strong>is.<\/p>\n\n\n\n<p><br>El padre obispo destac\u00f3 la generosidad en la entrega, la capacidad de adaptaci\u00f3n a diferentes situaciones y desaf\u00edos que se enfrentan en la tarea cotidiana y expres\u00f3 su agradecimiento personal por el acompa\u00f1amiento que le brindaron en su ministerio episcopal durante estos 6 a\u00f1os a cargo de la di\u00f3cesis.<br>Luego de la misa compartieron un desayuno en las instalaciones del obispado.<\/p>\n\n\n\n<p>La curia diocesana consta de aquellos organismos y personas que colaboran con el obispo en el gobierno de toda la di\u00f3cesis, principalmente en la direcci\u00f3n de la actividad pastoral, en la administraci\u00f3n de la di\u00f3cesis, as\u00ed como en el ejercicio del servicio judicial.<\/p>\n\n\n\n<figure class=\"wp-block-image size-large\"><img loading=\"lazy\" width=\"1024\" height=\"576\" src=\"https:\/\/www.obispado-mdp.org.ar\/a\/wp-content\/uploads\/2023\/08\/0a418b99-36ae-4631-9c83-16ba8e338bac-1-1024x576.jpg\" alt=\"\" class=\"wp-image-41320\"\/><\/figure>\n\n\n\n<figure class=\"wp-block-image size-large\"><img loading=\"lazy\" width=\"1024\" height=\"576\" src=\"https:\/\/www.obispado-mdp.org.ar\/a\/wp-content\/uploads\/2023\/08\/04cd76d0-ec70-4ddc-911b-83d15ecd2d9a-1024x576.jpg\" alt=\"\" class=\"wp-image-41318\"\/><\/figure>\n","protected":false},"excerpt":{"rendered":"<p>El obispo presidi\u00f3 esta ma\u00f1ana la misa de acci\u00f3n de gracias por el servicio del personal del obispado. El equipo que colabora en el obispado con el ministerio del obispo est\u00e1 conformado por unas 10 personas que, diariamente, llevan adelante las tareas administrativas y de servicio a las comunidades de la di\u00f3cesis. El padre obispo [&hellip;]<\/p>\n","protected":false},"author":4,"featured_media":41319,"comment_status":"open","ping_status":"open","sticky":false,"template":"","format":"standard","meta":{"_et_pb_use_builder":"","_et_pb_old_content":"","_et_gb_content_width":""},"categories":[4],"tags":[],"aioseo_notices":[],"_links":{"self":[{"href":"https:\/\/www.obispado-mdp.org.ar\/a\/wp-json\/wp\/v2\/posts\/41316"}],"collection":[{"href":"https:\/\/www.obispado-mdp.org.ar\/a\/wp-json\/wp\/v2\/posts"}],"about":[{"href":"https:\/\/www.obispado-mdp.org.ar\/a\/wp-json\/wp\/v2\/types\/post"}],"author":[{"embeddable":true,"href":"https:\/\/www.obispado-mdp.org.ar\/a\/wp-json\/wp\/v2\/users\/4"}],"replies":[{"embeddable":true,"href":"https:\/\/www.obispado-mdp.org.ar\/a\/wp-json\/wp\/v2\/comments?post=41316"}],"version-history":[{"count":1,"href":"https:\/\/www.obispado-mdp.org.ar\/a\/wp-json\/wp\/v2\/posts\/41316\/revisions"}],"predecessor-version":[{"id":41321,"href":"https:\/\/www.obispado-mdp.org.ar\/a\/wp-json\/wp\/v2\/posts\/41316\/revisions\/41321"}],"wp:featuredmedia":[{"embeddable":true,"href":"https:\/\/www.obispado-mdp.org.ar\/a\/wp-json\/wp\/v2\/media\/41319"}],"wp:attachment":[{"href":"https:\/\/www.obispado-mdp.org.ar\/a\/wp-json\/wp\/v2\/media?parent=41316"}],"wp:term":[{"taxonomy":"category","embeddable":true,"href":"https:\/\/www.obispado-mdp.org.ar\/a\/wp-json\/wp\/v2\/categories?post=41316"},{"taxonomy":"post_tag","embeddable":true,"href":"https:\/\/www.obispado-mdp.org.ar\/a\/wp-json\/wp\/v2\/tags?post=41316"}],"curies":[{"name":"wp","href":"https:\/\/api.w.org\/{rel}","templated":true}]}}