{"id":41323,"date":"2023-08-23T12:41:24","date_gmt":"2023-08-23T15:41:24","guid":{"rendered":"https:\/\/www.obispado-mdp.org.ar\/a\/?p=41323"},"modified":"2023-08-23T12:42:03","modified_gmt":"2023-08-23T15:42:03","slug":"invitacion-a-la-paz-y-la-pacificacion","status":"publish","type":"post","link":"https:\/\/www.obispado-mdp.org.ar\/a\/invitacion-a-la-paz-y-la-pacificacion\/","title":{"rendered":"INVITACI\u00d3N A LA PAZ Y LA PACIFICACI\u00d3N."},"content":{"rendered":"\n<p class=\"has-pale-cyan-blue-background-color has-background\"><strong>El <em style=\"font-weight: bold;\">Obispado de Mar del Plata<\/em> dio a conocer un comunicado firmado por Mons. Gabriel Mestre invitando a la paz y la pacificaci\u00f3n ante los acontecimientos de conocimiento p\u00fablico.<\/strong><\/p>\n\n\n\n<p><em>Mar del Plata, mi\u00e9rcoles 23 de agosto de 2023<\/em><\/p>\n\n\n\n<p><strong>Invitaci\u00f3n a la paz y la pacificaci\u00f3n<\/strong><\/p>\n\n\n\n<p>En el marco de las situaciones dif\u00edciles, que a nivel econ\u00f3mico y social se vive en nuestra Patria, los ciudadanos debemos buscar por todos los medios caminos de justicia en paz y pacificaci\u00f3n. Respetando las leyes tenemos que procurar el bien com\u00fan cuidando a los m\u00e1s pobres y necesitados. La situaci\u00f3n de los llamados saqueos no ayuda a nadie. Por estar fuera de la ley terminan da\u00f1ando el tejido social y no favoreciendo de forma permanente los derechos de los m\u00e1s postergados. Como nos dice el Papa Francisco, la cultura del di\u00e1logo y del encuentro junto a la amistad social son los caminos para construir en serio la Patria de hermanos que nos merecemos todas y todos los argentinos.<\/p>\n\n\n\n<p>Con humildad y con respeto, aliento a todos los sectores pol\u00edticos, sociales y religiosos del \u00e1mbito del sudeste de la provincia de Buenos Aires, a que colaboremos de forma directa y a trav\u00e9s de nuestros cuadros dirigenciales, para ser instrumentos de la justicia por caminos de paz y pacificaci\u00f3n en esta hora de nuestra historia.<\/p>\n\n\n\n<p><strong>+Mons. Gabriel Mestre<\/strong><br><strong><em>Obispo administrador de la<\/em><\/strong><br><strong><em>Di\u00f3cesis de Mar del Plata<\/em><\/strong><\/p>\n\n\n\n<figure class=\"wp-block-image size-full\"><img loading=\"lazy\" width=\"424\" height=\"537\" src=\"https:\/\/www.obispado-mdp.org.ar\/a\/wp-content\/uploads\/2023\/08\/mestre-.jpg\" alt=\"\" class=\"wp-image-41324\"\/><\/figure>\n","protected":false},"excerpt":{"rendered":"<p>El Obispado de Mar del Plata dio a conocer un comunicado firmado por Mons. Gabriel Mestre invitando a la paz y la pacificaci\u00f3n ante los acontecimientos de conocimiento p\u00fablico. Mar del Plata, mi\u00e9rcoles 23 de agosto de 2023 Invitaci\u00f3n a la paz y la pacificaci\u00f3n En el marco de las situaciones dif\u00edciles, que a nivel [&hellip;]<\/p>\n","protected":false},"author":4,"featured_media":0,"comment_status":"open","ping_status":"open","sticky":false,"template":"","format":"standard","meta":{"_et_pb_use_builder":"","_et_pb_old_content":"","_et_gb_content_width":""},"categories":[4,9],"tags":[],"aioseo_notices":[],"_links":{"self":[{"href":"https:\/\/www.obispado-mdp.org.ar\/a\/wp-json\/wp\/v2\/posts\/41323"}],"collection":[{"href":"https:\/\/www.obispado-mdp.org.ar\/a\/wp-json\/wp\/v2\/posts"}],"about":[{"href":"https:\/\/www.obispado-mdp.org.ar\/a\/wp-json\/wp\/v2\/types\/post"}],"author":[{"embeddable":true,"href":"https:\/\/www.obispado-mdp.org.ar\/a\/wp-json\/wp\/v2\/users\/4"}],"replies":[{"embeddable":true,"href":"https:\/\/www.obispado-mdp.org.ar\/a\/wp-json\/wp\/v2\/comments?post=41323"}],"version-history":[{"count":2,"href":"https:\/\/www.obispado-mdp.org.ar\/a\/wp-json\/wp\/v2\/posts\/41323\/revisions"}],"predecessor-version":[{"id":41326,"href":"https:\/\/www.obispado-mdp.org.ar\/a\/wp-json\/wp\/v2\/posts\/41323\/revisions\/41326"}],"wp:attachment":[{"href":"https:\/\/www.obispado-mdp.org.ar\/a\/wp-json\/wp\/v2\/media?parent=41323"}],"wp:term":[{"taxonomy":"category","embeddable":true,"href":"https:\/\/www.obispado-mdp.org.ar\/a\/wp-json\/wp\/v2\/categories?post=41323"},{"taxonomy":"post_tag","embeddable":true,"href":"https:\/\/www.obispado-mdp.org.ar\/a\/wp-json\/wp\/v2\/tags?post=41323"}],"curies":[{"name":"wp","href":"https:\/\/api.w.org\/{rel}","templated":true}]}}