{"id":41330,"date":"2023-08-25T17:31:33","date_gmt":"2023-08-25T20:31:33","guid":{"rendered":"https:\/\/www.obispado-mdp.org.ar\/a\/?p=41330"},"modified":"2023-08-25T17:31:47","modified_gmt":"2023-08-25T20:31:47","slug":"mestre-se-despidio-del-clero-diocesano","status":"publish","type":"post","link":"https:\/\/www.obispado-mdp.org.ar\/a\/mestre-se-despidio-del-clero-diocesano\/","title":{"rendered":"MESTRE SE DESPIDI\u00d3 DEL CLERO DIOCESANO."},"content":{"rendered":"\n<p class=\"has-light-green-cyan-background-color has-background\"><strong>En el mediod\u00eda de hoy se reunieron algo m\u00e1s de 60 sacerdotes para despedir al Padre Obispo Gabriel en el marco de un almuerzo fraterno, quien agradeci\u00f3 el compromiso y apoyo se\u00f1alando que las iniciativas y acciones realizadas en estos 6 a\u00f1os fueron posible porque \u201chay equipo\u201d.<\/strong><\/p>\n\n\n\n<p>En el espacio de Caritas Catedral tuvo lugar, en el mediod\u00eda de hoy, un almuerzo fraterno que los sacerdotes y di\u00e1conos de la di\u00f3cesis de Mar del Plata ofrecieron a Mons. Mestre para agradecerle su servicio como padre, hermano y amigo. Llegados desde todas las comunidades eclesiales de la di\u00f3cesis, de norte a sur y de este a oeste, los participantes participaron del encuentro fraterno para manifestar su afecto a Gabriel -como lo llaman todos-.<\/p>\n\n\n\n<p><br>Las c\u00e1lidas palabras del P. Mario Fregenal, de Don Orione, expresaron los sentimientos compartidos y tuvieron inicio en el lema episcopal del amigo obispo: \u201cCristo es nuestra Paz\u201d. Destac\u00f3 aspectos ic\u00f3nicos de su ministerio y agradeci\u00f3 su cercan\u00eda y carisma. Un fuerte aplazo dio pie a las palabras de agradecimiento del obispo que reconoci\u00f3 el valor del apoyo y servicio de los sacerdotes se\u00f1alando que \u201clas iniciativas y proyectos que se han llevado a cabo en la di\u00f3cesis en estos seis a\u00f1os fueron posible porque hay equipo\u201d. Asimismo, record\u00f3 que el tiempo previo, en el que prest\u00f3 servicio como Vicario del obispo anterior fueron una providencial preparaci\u00f3n para la tarea como obispo que luego Dios le encomend\u00f3 desempe\u00f1ar.<br><\/p>\n\n\n\n<p>El Padre Juan Pablo Cayrol anim\u00f3 con un simp\u00e1tico \u201ccuento\u201d clerical el brindis que cerr\u00f3 de manera festiva el encuentro.<br><\/p>\n\n\n\n<p>Todos los sacerdotes y di\u00e1conos se volver\u00e1n a congregar junto a toda la comunidad el pr\u00f3ximo s\u00e1bado 9 de setiembre a las 15 hs en la Catedral para despedir a Mons. Mestre junto a toda la comunidad diocesana.<\/p>\n\n\n\n<figure class=\"wp-container-2 wp-block-gallery-1 wp-block-gallery has-nested-images columns-default is-cropped\">\n<figure class=\"wp-block-image size-large\"><img loading=\"lazy\" width=\"1024\" height=\"768\" data-id=\"41339\"  src=\"https:\/\/www.obispado-mdp.org.ar\/a\/wp-content\/uploads\/2023\/08\/5f073d7b-5452-4fb7-ba0b-b2d532aae6db-1024x768.jpg\" alt=\"\" class=\"wp-image-41339\"\/><\/figure>\n\n\n\n<figure class=\"wp-block-image size-large\"><img loading=\"lazy\" width=\"1024\" height=\"768\" data-id=\"41337\"  src=\"https:\/\/www.obispado-mdp.org.ar\/a\/wp-content\/uploads\/2023\/08\/7e4e9d71-ac2e-4e26-87aa-b0181a79eaff-1024x768.jpg\" alt=\"\" class=\"wp-image-41337\"\/><\/figure>\n\n\n\n<figure class=\"wp-block-image size-large\"><img loading=\"lazy\" width=\"1024\" height=\"768\" data-id=\"41332\"  src=\"https:\/\/www.obispado-mdp.org.ar\/a\/wp-content\/uploads\/2023\/08\/8d347ef3-5409-4636-9e59-3da4b270a55b-copia-1024x768.jpg\" alt=\"\" class=\"wp-image-41332\"\/><\/figure>\n\n\n\n<figure class=\"wp-block-image size-large\"><img loading=\"lazy\" width=\"1024\" height=\"768\" data-id=\"41333\"  src=\"https:\/\/www.obispado-mdp.org.ar\/a\/wp-content\/uploads\/2023\/08\/9b7e8696-581e-4b64-81a6-15d622ad3cc6-1024x768.jpg\" alt=\"\" class=\"wp-image-41333\"\/><\/figure>\n\n\n\n<figure class=\"wp-block-image size-large\"><img loading=\"lazy\" width=\"1024\" height=\"768\" data-id=\"41331\"  src=\"https:\/\/www.obispado-mdp.org.ar\/a\/wp-content\/uploads\/2023\/08\/9e0e2534-845e-45fc-8428-8344fcd55592-1024x768.jpg\" alt=\"\" class=\"wp-image-41331\"\/><\/figure>\n\n\n\n<figure class=\"wp-block-image size-large\"><img loading=\"lazy\" width=\"1024\" height=\"768\" data-id=\"41335\"  src=\"https:\/\/www.obispado-mdp.org.ar\/a\/wp-content\/uploads\/2023\/08\/31ed9a96-f5e6-450e-bec3-347c5dc253b5-1024x768.jpg\" alt=\"\" class=\"wp-image-41335\"\/><\/figure>\n\n\n\n<figure class=\"wp-block-image size-large\"><img loading=\"lazy\" width=\"1024\" height=\"768\" data-id=\"41334\"  src=\"https:\/\/www.obispado-mdp.org.ar\/a\/wp-content\/uploads\/2023\/08\/59b3ac1e-2993-4588-b222-01c055744288-1024x768.jpg\" alt=\"\" class=\"wp-image-41334\"\/><\/figure>\n\n\n\n<figure class=\"wp-block-image size-large\"><img loading=\"lazy\" width=\"1024\" height=\"768\" data-id=\"41336\"  src=\"https:\/\/www.obispado-mdp.org.ar\/a\/wp-content\/uploads\/2023\/08\/d4addf0f-9431-4a89-b1ff-a160da91f7ba-1024x768.jpg\" alt=\"\" class=\"wp-image-41336\"\/><\/figure>\n\n\n\n<figure class=\"wp-block-image size-large\"><img loading=\"lazy\" width=\"1024\" height=\"768\" data-id=\"41338\"  src=\"https:\/\/www.obispado-mdp.org.ar\/a\/wp-content\/uploads\/2023\/08\/d7d56259-49f3-4ebb-927e-cb23fe34e75f-1024x768.jpg\" alt=\"\" class=\"wp-image-41338\"\/><\/figure>\n\n\n\n<figure class=\"wp-block-image size-large\"><img loading=\"lazy\" width=\"1024\" height=\"768\" data-id=\"41340\"  src=\"https:\/\/www.obispado-mdp.org.ar\/a\/wp-content\/uploads\/2023\/08\/e153f631-4f96-44e0-a25f-af6da2be21b6-1024x768.jpg\" alt=\"\" class=\"wp-image-41340\"\/><\/figure>\n\n\n\n<figure class=\"wp-block-image size-large\"><img loading=\"lazy\" width=\"1024\" height=\"768\" data-id=\"41343\"  src=\"https:\/\/www.obispado-mdp.org.ar\/a\/wp-content\/uploads\/2023\/08\/33-1024x768.jpg\" alt=\"\" class=\"wp-image-41343\"\/><\/figure>\n\n\n\n<figure class=\"wp-block-image size-large\"><img loading=\"lazy\" width=\"1024\" height=\"768\" data-id=\"41342\"  src=\"https:\/\/www.obispado-mdp.org.ar\/a\/wp-content\/uploads\/2023\/08\/111-1024x768.jpg\" alt=\"\" class=\"wp-image-41342\"\/><\/figure>\n<\/figure>\n","protected":false},"excerpt":{"rendered":"<p>En el mediod\u00eda de hoy se reunieron algo m\u00e1s de 60 sacerdotes para despedir al Padre Obispo Gabriel en el marco de un almuerzo fraterno, quien agradeci\u00f3 el compromiso y apoyo se\u00f1alando que las iniciativas y acciones realizadas en estos 6 a\u00f1os fueron posible porque \u201chay equipo\u201d. En el espacio de Caritas Catedral tuvo lugar, [&hellip;]<\/p>\n","protected":false},"author":4,"featured_media":41341,"comment_status":"open","ping_status":"open","sticky":false,"template":"","format":"standard","meta":{"_et_pb_use_builder":"","_et_pb_old_content":"","_et_gb_content_width":""},"categories":[4],"tags":[],"aioseo_notices":[],"_links":{"self":[{"href":"https:\/\/www.obispado-mdp.org.ar\/a\/wp-json\/wp\/v2\/posts\/41330"}],"collection":[{"href":"https:\/\/www.obispado-mdp.org.ar\/a\/wp-json\/wp\/v2\/posts"}],"about":[{"href":"https:\/\/www.obispado-mdp.org.ar\/a\/wp-json\/wp\/v2\/types\/post"}],"author":[{"embeddable":true,"href":"https:\/\/www.obispado-mdp.org.ar\/a\/wp-json\/wp\/v2\/users\/4"}],"replies":[{"embeddable":true,"href":"https:\/\/www.obispado-mdp.org.ar\/a\/wp-json\/wp\/v2\/comments?post=41330"}],"version-history":[{"count":1,"href":"https:\/\/www.obispado-mdp.org.ar\/a\/wp-json\/wp\/v2\/posts\/41330\/revisions"}],"predecessor-version":[{"id":41344,"href":"https:\/\/www.obispado-mdp.org.ar\/a\/wp-json\/wp\/v2\/posts\/41330\/revisions\/41344"}],"wp:featuredmedia":[{"embeddable":true,"href":"https:\/\/www.obispado-mdp.org.ar\/a\/wp-json\/wp\/v2\/media\/41341"}],"wp:attachment":[{"href":"https:\/\/www.obispado-mdp.org.ar\/a\/wp-json\/wp\/v2\/media?parent=41330"}],"wp:term":[{"taxonomy":"category","embeddable":true,"href":"https:\/\/www.obispado-mdp.org.ar\/a\/wp-json\/wp\/v2\/categories?post=41330"},{"taxonomy":"post_tag","embeddable":true,"href":"https:\/\/www.obispado-mdp.org.ar\/a\/wp-json\/wp\/v2\/tags?post=41330"}],"curies":[{"name":"wp","href":"https:\/\/api.w.org\/{rel}","templated":true}]}}