{"id":41357,"date":"2023-08-28T18:20:31","date_gmt":"2023-08-28T21:20:31","guid":{"rendered":"https:\/\/www.obispado-mdp.org.ar\/a\/?p=41357"},"modified":"2023-08-29T08:08:56","modified_gmt":"2023-08-29T11:08:56","slug":"49-aniversario-del-servicio-sacerdotal-de-urgencias","status":"publish","type":"post","link":"https:\/\/www.obispado-mdp.org.ar\/a\/49-aniversario-del-servicio-sacerdotal-de-urgencias\/","title":{"rendered":"49 ANIVERSARIO DEL SERVICIO SACERDOTAL DE URGENCIA."},"content":{"rendered":"\n<p class=\"has-pale-cyan-blue-background-color has-background\"><strong>Se realiz\u00f3 el festejo de los 49\u00ba a\u00f1os del Servicio Sacerdotal de Urgencia de la Di\u00f3cesis de Mar del Plata en la Iglesia Catedral con la celebraci\u00f3n de la Santa Misa presidida por el Obispo Gabriel Mestre, al cual le entregaron un presente de su paso y posterior conducci\u00f3n del SSU. <\/strong><\/p>\n\n\n\n<p>Al finalizar la celebraci\u00f3n religiosa Mestre bendijo a los miembros y voluntarios del SSU.<\/p>\n\n\n\n<p>A su t\u00e9rmino compartieron con los presentes un \u00e1gape en las instalaciones de C\u00e1ritas Catedral. Contamos con guardianes, familiares y amigos que compartieron experiencias y recuerdos y se termin\u00f3 con un brindis.<\/p>\n\n\n\n<figure class=\"wp-container-2 wp-block-gallery-1 wp-block-gallery has-nested-images columns-default is-cropped\">\n<figure class=\"wp-block-image size-large\"><img loading=\"lazy\" width=\"1024\" height=\"682\" data-id=\"41358\"  src=\"https:\/\/www.obispado-mdp.org.ar\/a\/wp-content\/uploads\/2023\/08\/IMG-20230828-WA0013-1024x682.jpg\" alt=\"\" class=\"wp-image-41358\"\/><\/figure>\n\n\n\n<figure class=\"wp-block-image size-large\"><img loading=\"lazy\" width=\"1024\" height=\"682\" data-id=\"41360\"  src=\"https:\/\/www.obispado-mdp.org.ar\/a\/wp-content\/uploads\/2023\/08\/IMG-20230828-WA0011-1024x682.jpg\" alt=\"\" class=\"wp-image-41360\"\/><\/figure>\n\n\n\n<figure class=\"wp-block-image size-large\"><img loading=\"lazy\" width=\"1024\" height=\"682\" data-id=\"41359\"  src=\"https:\/\/www.obispado-mdp.org.ar\/a\/wp-content\/uploads\/2023\/08\/IMG-20230828-WA0010-1024x682.jpg\" alt=\"\" class=\"wp-image-41359\"\/><\/figure>\n<\/figure>\n\n\n\n<figure class=\"wp-block-image size-large\"><img loading=\"lazy\" width=\"1024\" height=\"682\" src=\"https:\/\/www.obispado-mdp.org.ar\/a\/wp-content\/uploads\/2023\/08\/IMG-20230828-WA0015-1024x682.jpg\" alt=\"\" class=\"wp-image-41364\"\/><\/figure>\n","protected":false},"excerpt":{"rendered":"<p>Se realiz\u00f3 el festejo de los 49\u00ba a\u00f1os del Servicio Sacerdotal de Urgencia de la Di\u00f3cesis de Mar del Plata en la Iglesia Catedral con la celebraci\u00f3n de la Santa Misa presidida por el Obispo Gabriel Mestre, al cual le entregaron un presente de su paso y posterior conducci\u00f3n del SSU. Al finalizar la celebraci\u00f3n [&hellip;]<\/p>\n","protected":false},"author":4,"featured_media":41362,"comment_status":"open","ping_status":"open","sticky":false,"template":"","format":"standard","meta":{"_et_pb_use_builder":"","_et_pb_old_content":"","_et_gb_content_width":""},"categories":[4],"tags":[],"aioseo_notices":[],"_links":{"self":[{"href":"https:\/\/www.obispado-mdp.org.ar\/a\/wp-json\/wp\/v2\/posts\/41357"}],"collection":[{"href":"https:\/\/www.obispado-mdp.org.ar\/a\/wp-json\/wp\/v2\/posts"}],"about":[{"href":"https:\/\/www.obispado-mdp.org.ar\/a\/wp-json\/wp\/v2\/types\/post"}],"author":[{"embeddable":true,"href":"https:\/\/www.obispado-mdp.org.ar\/a\/wp-json\/wp\/v2\/users\/4"}],"replies":[{"embeddable":true,"href":"https:\/\/www.obispado-mdp.org.ar\/a\/wp-json\/wp\/v2\/comments?post=41357"}],"version-history":[{"count":3,"href":"https:\/\/www.obispado-mdp.org.ar\/a\/wp-json\/wp\/v2\/posts\/41357\/revisions"}],"predecessor-version":[{"id":41366,"href":"https:\/\/www.obispado-mdp.org.ar\/a\/wp-json\/wp\/v2\/posts\/41357\/revisions\/41366"}],"wp:featuredmedia":[{"embeddable":true,"href":"https:\/\/www.obispado-mdp.org.ar\/a\/wp-json\/wp\/v2\/media\/41362"}],"wp:attachment":[{"href":"https:\/\/www.obispado-mdp.org.ar\/a\/wp-json\/wp\/v2\/media?parent=41357"}],"wp:term":[{"taxonomy":"category","embeddable":true,"href":"https:\/\/www.obispado-mdp.org.ar\/a\/wp-json\/wp\/v2\/categories?post=41357"},{"taxonomy":"post_tag","embeddable":true,"href":"https:\/\/www.obispado-mdp.org.ar\/a\/wp-json\/wp\/v2\/tags?post=41357"}],"curies":[{"name":"wp","href":"https:\/\/api.w.org\/{rel}","templated":true}]}}