{"id":41394,"date":"2023-08-31T08:58:05","date_gmt":"2023-08-31T11:58:05","guid":{"rendered":"https:\/\/www.obispado-mdp.org.ar\/a\/?p=41394"},"modified":"2023-08-31T08:58:08","modified_gmt":"2023-08-31T11:58:08","slug":"la-universidad-y-los-colegios-secundarios","status":"publish","type":"post","link":"https:\/\/www.obispado-mdp.org.ar\/a\/la-universidad-y-los-colegios-secundarios\/","title":{"rendered":"LA UNIVERSIDAD Y LOS COLEGIOS SECUNDARIOS."},"content":{"rendered":"\n<p class=\"has-pale-cyan-blue-background-color has-background\"><strong>Escuela Universitaria de Teolog\u00eda ofrece una propuesta de acompa\u00f1amiento para los colegios secundarios,<\/strong><\/p>\n\n\n\n<p>La extensi\u00f3n universitaria es una de las tres funciones sustantivas de la Universidad (junto a la investigaci\u00f3n y la docencia) y tiene como objetivo promover el desarrollo cultural, y la transferencia del conocimiento y la cultura entre los distintos sectores sociales de la comunidad. Su misi\u00f3n es fortalecer el v\u00ednculo entre la Universidad y la comunidad.<\/p>\n\n\n\n<p>En <a><\/a>ese sentido, el Departamento de Extensi\u00f3n de la EUT est\u00e1 realizando encuentros de acompa\u00f1amiento a docentes y alumnos con proyectos de edici\u00f3n de sus producciones escolares. Junto con el Servicio de Publicaciones EUT, el Departamento de Extensi\u00f3n organiza encuentros para estudiantes secundarios sobre la tarea editorial, la edici\u00f3n y la publicaci\u00f3n de manuscritos. Este a\u00f1o participa de dos proyectos con instituciones marplatenses, uno con el Colegio Jes\u00fas Obrero -5to. a\u00f1o, ya en proceso de dise\u00f1o de los originales editados de su libro acerca de escenas marplatenses y los 40 a\u00f1os de democracia- y con el Colegio Don Orione -5to. a\u00f1o de las orientaciones Ciencias Sociales y Econom\u00eda y Administraci\u00f3n, compartiendo un encuentro formativo sobre los procesos editoriales, las caracter\u00edsticas de los libros y c\u00f3mo trabajar en equipo, antesala de la producci\u00f3n de su libro sobre microrrelatos y el 40 aniversario de la democracia en la Argentina (las fotograf\u00edas de algunos momentos del encuentro ilustran esta nota).<\/p>\n\n\n\n<p>Cabe destacar que los estudiantes y el equipo docente reciben informaci\u00f3n sobre la EUT a trav\u00e9s del video institucional, se da respuesta a las inquietudes respecto de las carreras, cursos y propuestas de formaci\u00f3n en l\u00ednea y se los invita a conocer la oferta educativa a trav\u00e9s de las redes sociales o acerc\u00e1ndose a la instituci\u00f3n.<\/p>\n\n\n\n<p><a href=\"https:\/\/www.facebook.com\/EUT.CEDIER?__cft__[0]=AZVL_qQDfiMMg6uBi4EcmcX1wuF_-PkXrVc7ANCSdLWSGI9H_x7dEvnZoyZxCvidXkmbQmoi6x5QFrf5P0m-H-VWAOubaFvFbkmoFxLkesZ0zOv4ntiBDZFNV5yQqexub78GPdb6axflq35DP-taVvGv16OKY6IVOFwhl3ZW1okKW8TTvNxnvd9QV1IlZjaoGng&amp;__tn__=-]K-R\">Escuela Universitaria de Teolog\u00eda &#8211; Cedier<\/a>: formaci\u00f3n integral al servicio de la vivencia, transmisi\u00f3n y compromiso de la fe.<\/p>\n\n\n\n<figure class=\"wp-container-2 wp-block-gallery-1 wp-block-gallery has-nested-images columns-default is-cropped\">\n<figure class=\"wp-block-image size-large\"><img loading=\"lazy\" width=\"1024\" height=\"809\" data-id=\"41395\"  src=\"https:\/\/www.obispado-mdp.org.ar\/a\/wp-content\/uploads\/2023\/08\/8aca0875-78c8-4cce-a98f-879f446500f6-1024x809.jpg\" alt=\"\" class=\"wp-image-41395\"\/><\/figure>\n\n\n\n<figure class=\"wp-block-image size-large\"><img loading=\"lazy\" width=\"1024\" height=\"865\" data-id=\"41396\"  src=\"https:\/\/www.obispado-mdp.org.ar\/a\/wp-content\/uploads\/2023\/08\/18d6d596-bd84-43ca-bbb5-660a69b2fe41-1024x865.jpg\" alt=\"\" class=\"wp-image-41396\"\/><\/figure>\n\n\n\n<figure class=\"wp-block-image size-large\"><img loading=\"lazy\" width=\"1024\" height=\"768\" data-id=\"41397\"  src=\"https:\/\/www.obispado-mdp.org.ar\/a\/wp-content\/uploads\/2023\/08\/f52bf14c-c976-41d1-b8b2-18e7904ee4d9-1024x768.jpg\" alt=\"\" class=\"wp-image-41397\"\/><\/figure>\n<\/figure>\n","protected":false},"excerpt":{"rendered":"<p>Escuela Universitaria de Teolog\u00eda ofrece una propuesta de acompa\u00f1amiento para los colegios secundarios, La extensi\u00f3n universitaria es una de las tres funciones sustantivas de la Universidad (junto a la investigaci\u00f3n y la docencia) y tiene como objetivo promover el desarrollo cultural, y la transferencia del conocimiento y la cultura entre los distintos sectores sociales de [&hellip;]<\/p>\n","protected":false},"author":4,"featured_media":41398,"comment_status":"open","ping_status":"open","sticky":false,"template":"","format":"standard","meta":{"_et_pb_use_builder":"","_et_pb_old_content":"","_et_gb_content_width":""},"categories":[5],"tags":[],"aioseo_notices":[],"_links":{"self":[{"href":"https:\/\/www.obispado-mdp.org.ar\/a\/wp-json\/wp\/v2\/posts\/41394"}],"collection":[{"href":"https:\/\/www.obispado-mdp.org.ar\/a\/wp-json\/wp\/v2\/posts"}],"about":[{"href":"https:\/\/www.obispado-mdp.org.ar\/a\/wp-json\/wp\/v2\/types\/post"}],"author":[{"embeddable":true,"href":"https:\/\/www.obispado-mdp.org.ar\/a\/wp-json\/wp\/v2\/users\/4"}],"replies":[{"embeddable":true,"href":"https:\/\/www.obispado-mdp.org.ar\/a\/wp-json\/wp\/v2\/comments?post=41394"}],"version-history":[{"count":1,"href":"https:\/\/www.obispado-mdp.org.ar\/a\/wp-json\/wp\/v2\/posts\/41394\/revisions"}],"predecessor-version":[{"id":41399,"href":"https:\/\/www.obispado-mdp.org.ar\/a\/wp-json\/wp\/v2\/posts\/41394\/revisions\/41399"}],"wp:featuredmedia":[{"embeddable":true,"href":"https:\/\/www.obispado-mdp.org.ar\/a\/wp-json\/wp\/v2\/media\/41398"}],"wp:attachment":[{"href":"https:\/\/www.obispado-mdp.org.ar\/a\/wp-json\/wp\/v2\/media?parent=41394"}],"wp:term":[{"taxonomy":"category","embeddable":true,"href":"https:\/\/www.obispado-mdp.org.ar\/a\/wp-json\/wp\/v2\/categories?post=41394"},{"taxonomy":"post_tag","embeddable":true,"href":"https:\/\/www.obispado-mdp.org.ar\/a\/wp-json\/wp\/v2\/tags?post=41394"}],"curies":[{"name":"wp","href":"https:\/\/api.w.org\/{rel}","templated":true}]}}