{"id":41400,"date":"2023-11-02T18:30:00","date_gmt":"2023-11-02T21:30:00","guid":{"rendered":"https:\/\/www.obispado-mdp.org.ar\/a\/?p=41400"},"modified":"2023-09-01T15:34:38","modified_gmt":"2023-09-01T18:34:38","slug":"evangelio-segun-san-lucas-141-6-2","status":"publish","type":"post","link":"https:\/\/www.obispado-mdp.org.ar\/a\/evangelio-segun-san-lucas-141-6-2\/","title":{"rendered":"Evangelio seg\u00fan San\u00a0Lucas\u00a014,1-6."},"content":{"rendered":"\n<p>Un s\u00e1bado, Jes\u00fas entr\u00f3 a comer en casa de uno de los principales fariseos. Ellos lo observaban atentamente.<br>Delante de \u00e9l hab\u00eda un hombre enfermo de hidropes\u00eda.<br>Jes\u00fas pregunt\u00f3 a los doctores de la Ley y a los fariseos: \u00ab\u00bfEst\u00e1 permitido curar en s\u00e1bado o no?\u00bb.<br>Pero ellos guardaron silencio. Entonces Jes\u00fas tom\u00f3 de la mano al enfermo, lo cur\u00f3 y lo despidi\u00f3.<br>Y volvi\u00e9ndose hacia ellos, les dijo: \u00abSi a alguno de ustedes se le cae en un pozo su hijo o su buey, \u00bfacaso no lo saca en seguida, aunque sea s\u00e1bado?\u00bb.<br>A esto no pudieron responder nada.<\/p>\n\n\n\n<p class=\"has-text-align-right\"><em>Extra\u00eddo de la Biblia: Libro del Pueblo de Dios. <\/em><\/p>\n","protected":false},"excerpt":{"rendered":"<p>Un s\u00e1bado, Jes\u00fas entr\u00f3 a comer en casa de uno de los principales fariseos. Ellos lo observaban atentamente.Delante de \u00e9l hab\u00eda un hombre enfermo de hidropes\u00eda.Jes\u00fas pregunt\u00f3 a los doctores de la Ley y a los fariseos: \u00ab\u00bfEst\u00e1 permitido curar en s\u00e1bado o no?\u00bb.Pero ellos guardaron silencio. Entonces Jes\u00fas tom\u00f3 de la mano al enfermo, [&hellip;]<\/p>\n","protected":false},"author":3,"featured_media":31455,"comment_status":"open","ping_status":"closed","sticky":false,"template":"","format":"standard","meta":{"_et_pb_use_builder":"off","_et_pb_old_content":"<!-- wp:paragraph -->\n<p> Al atardecer de ese mismo d\u00eda, el primero de la semana, estando cerradas las puertas del lugar donde se encontraban los disc\u00edpulos, por temor a los jud\u00edos, lleg\u00f3 Jes\u00fas y poni\u00e9ndose en medio de ellos, les dijo: \"\u00a1La paz est\u00e9 con ustedes!\".<br>Mientras dec\u00eda esto, les mostr\u00f3 sus manos y su costado. Los disc\u00edpulos se llenaron de alegr\u00eda cuando vieron al Se\u00f1or.<br>Jes\u00fas les dijo de nuevo: \"\u00a1La paz est\u00e9 con ustedes! Como el Padre me envi\u00f3 a m\u00ed, yo tambi\u00e9n los env\u00edo a ustedes\".<br>Al decirles esto, sopl\u00f3 sobre ellos y a\u00f1adi\u00f3: \"Reciban el Esp\u00edritu Santo.<br>Los pecados ser\u00e1n perdonados a los que ustedes se los perdonen, y ser\u00e1n retenidos a los que ustedes se los retengan\". <\/p>\n<!-- \/wp:paragraph -->\n\n<!-- wp:paragraph {\"align\":\"right\"} -->\n<p class=\"has-text-align-right\"><em>Extra\u00eddo de la Biblia: Libro del Pueblo de Dios. <\/em><\/p>\n<!-- \/wp:paragraph -->","_et_gb_content_width":""},"categories":[6],"tags":[],"aioseo_notices":[],"_links":{"self":[{"href":"https:\/\/www.obispado-mdp.org.ar\/a\/wp-json\/wp\/v2\/posts\/41400"}],"collection":[{"href":"https:\/\/www.obispado-mdp.org.ar\/a\/wp-json\/wp\/v2\/posts"}],"about":[{"href":"https:\/\/www.obispado-mdp.org.ar\/a\/wp-json\/wp\/v2\/types\/post"}],"author":[{"embeddable":true,"href":"https:\/\/www.obispado-mdp.org.ar\/a\/wp-json\/wp\/v2\/users\/3"}],"replies":[{"embeddable":true,"href":"https:\/\/www.obispado-mdp.org.ar\/a\/wp-json\/wp\/v2\/comments?post=41400"}],"version-history":[{"count":1,"href":"https:\/\/www.obispado-mdp.org.ar\/a\/wp-json\/wp\/v2\/posts\/41400\/revisions"}],"predecessor-version":[{"id":41401,"href":"https:\/\/www.obispado-mdp.org.ar\/a\/wp-json\/wp\/v2\/posts\/41400\/revisions\/41401"}],"wp:featuredmedia":[{"embeddable":true,"href":"https:\/\/www.obispado-mdp.org.ar\/a\/wp-json\/wp\/v2\/media\/31455"}],"wp:attachment":[{"href":"https:\/\/www.obispado-mdp.org.ar\/a\/wp-json\/wp\/v2\/media?parent=41400"}],"wp:term":[{"taxonomy":"category","embeddable":true,"href":"https:\/\/www.obispado-mdp.org.ar\/a\/wp-json\/wp\/v2\/categories?post=41400"},{"taxonomy":"post_tag","embeddable":true,"href":"https:\/\/www.obispado-mdp.org.ar\/a\/wp-json\/wp\/v2\/tags?post=41400"}],"curies":[{"name":"wp","href":"https:\/\/api.w.org\/{rel}","templated":true}]}}