{"id":41402,"date":"2023-11-03T18:30:00","date_gmt":"2023-11-03T21:30:00","guid":{"rendered":"https:\/\/www.obispado-mdp.org.ar\/a\/?p=41402"},"modified":"2023-09-01T15:35:28","modified_gmt":"2023-09-01T18:35:28","slug":"evangelio-segun-san-lucas-141-7-11-3","status":"publish","type":"post","link":"https:\/\/www.obispado-mdp.org.ar\/a\/evangelio-segun-san-lucas-141-7-11-3\/","title":{"rendered":"Evangelio seg\u00fan San\u00a0Lucas\u00a014,1.7-11."},"content":{"rendered":"\n<p>Un s\u00e1bado, Jes\u00fas entr\u00f3 a comer en casa de uno de los principales fariseos. Ellos lo observaban atentamente.<br>Y al notar c\u00f3mo los invitados buscaban los primeros puestos, les dijo esta par\u00e1bola:<br>\u00abSi te invitan a un banquete de bodas, no te coloques en el primer lugar, porque puede suceder que haya sido invitada otra persona m\u00e1s importante que t\u00fa,<br>y cuando llegue el que los invit\u00f3 a los dos, tenga que decirte: &#8216;D\u00e9jale el sitio&#8217;, y as\u00ed, lleno de verg\u00fcenza, tengas que ponerte en el \u00faltimo lugar.<br>Al contrario, cuando te inviten, ve a colocarte en el \u00faltimo sitio, de manera que cuando llegue el que te invit\u00f3, te diga: &#8216;Amigo, ac\u00e9rcate m\u00e1s&#8217;, y as\u00ed quedar\u00e1s bien delante de todos los invitados.<br>Porque todo el que ensalza ser\u00e1 humillado, y el que se humilla ser\u00e1 ensalzado\u00bb.<\/p>\n\n\n\n<p class=\"has-text-align-right\"><em>Extra\u00eddo de la Biblia: Libro del Pueblo de Dios. <\/em><\/p>\n","protected":false},"excerpt":{"rendered":"<p>Un s\u00e1bado, Jes\u00fas entr\u00f3 a comer en casa de uno de los principales fariseos. Ellos lo observaban atentamente.Y al notar c\u00f3mo los invitados buscaban los primeros puestos, les dijo esta par\u00e1bola:\u00abSi te invitan a un banquete de bodas, no te coloques en el primer lugar, porque puede suceder que haya sido invitada otra persona m\u00e1s [&hellip;]<\/p>\n","protected":false},"author":3,"featured_media":31440,"comment_status":"open","ping_status":"closed","sticky":false,"template":"","format":"standard","meta":{"_et_pb_use_builder":"off","_et_pb_old_content":"<!-- wp:paragraph -->\n<p> Al atardecer de ese mismo d\u00eda, el primero de la semana, estando cerradas las puertas del lugar donde se encontraban los disc\u00edpulos, por temor a los jud\u00edos, lleg\u00f3 Jes\u00fas y poni\u00e9ndose en medio de ellos, les dijo: \"\u00a1La paz est\u00e9 con ustedes!\".<br>Mientras dec\u00eda esto, les mostr\u00f3 sus manos y su costado. Los disc\u00edpulos se llenaron de alegr\u00eda cuando vieron al Se\u00f1or.<br>Jes\u00fas les dijo de nuevo: \"\u00a1La paz est\u00e9 con ustedes! Como el Padre me envi\u00f3 a m\u00ed, yo tambi\u00e9n los env\u00edo a ustedes\".<br>Al decirles esto, sopl\u00f3 sobre ellos y a\u00f1adi\u00f3: \"Reciban el Esp\u00edritu Santo.<br>Los pecados ser\u00e1n perdonados a los que ustedes se los perdonen, y ser\u00e1n retenidos a los que ustedes se los retengan\". <\/p>\n<!-- \/wp:paragraph -->\n\n<!-- wp:paragraph {\"align\":\"right\"} -->\n<p class=\"has-text-align-right\"><em>Extra\u00eddo de la Biblia: Libro del Pueblo de Dios. <\/em><\/p>\n<!-- \/wp:paragraph -->","_et_gb_content_width":""},"categories":[6],"tags":[],"aioseo_notices":[],"_links":{"self":[{"href":"https:\/\/www.obispado-mdp.org.ar\/a\/wp-json\/wp\/v2\/posts\/41402"}],"collection":[{"href":"https:\/\/www.obispado-mdp.org.ar\/a\/wp-json\/wp\/v2\/posts"}],"about":[{"href":"https:\/\/www.obispado-mdp.org.ar\/a\/wp-json\/wp\/v2\/types\/post"}],"author":[{"embeddable":true,"href":"https:\/\/www.obispado-mdp.org.ar\/a\/wp-json\/wp\/v2\/users\/3"}],"replies":[{"embeddable":true,"href":"https:\/\/www.obispado-mdp.org.ar\/a\/wp-json\/wp\/v2\/comments?post=41402"}],"version-history":[{"count":1,"href":"https:\/\/www.obispado-mdp.org.ar\/a\/wp-json\/wp\/v2\/posts\/41402\/revisions"}],"predecessor-version":[{"id":41403,"href":"https:\/\/www.obispado-mdp.org.ar\/a\/wp-json\/wp\/v2\/posts\/41402\/revisions\/41403"}],"wp:featuredmedia":[{"embeddable":true,"href":"https:\/\/www.obispado-mdp.org.ar\/a\/wp-json\/wp\/v2\/media\/31440"}],"wp:attachment":[{"href":"https:\/\/www.obispado-mdp.org.ar\/a\/wp-json\/wp\/v2\/media?parent=41402"}],"wp:term":[{"taxonomy":"category","embeddable":true,"href":"https:\/\/www.obispado-mdp.org.ar\/a\/wp-json\/wp\/v2\/categories?post=41402"},{"taxonomy":"post_tag","embeddable":true,"href":"https:\/\/www.obispado-mdp.org.ar\/a\/wp-json\/wp\/v2\/tags?post=41402"}],"curies":[{"name":"wp","href":"https:\/\/api.w.org\/{rel}","templated":true}]}}