{"id":41410,"date":"2023-11-07T18:30:00","date_gmt":"2023-11-07T21:30:00","guid":{"rendered":"https:\/\/www.obispado-mdp.org.ar\/a\/?p=41410"},"modified":"2023-09-01T15:40:00","modified_gmt":"2023-09-01T18:40:00","slug":"evangelio-segun-san-lucas-1425-33-3","status":"publish","type":"post","link":"https:\/\/www.obispado-mdp.org.ar\/a\/evangelio-segun-san-lucas-1425-33-3\/","title":{"rendered":"Evangelio seg\u00fan San\u00a0Lucas\u00a014,25-33."},"content":{"rendered":"\n<p>Junto con Jes\u00fas iba un gran gent\u00edo, y \u00e9l, d\u00e1ndose vuelta, les dijo:<br>\u00abCualquiera que venga a m\u00ed y no me ame m\u00e1s que a su padre y a su madre, a su mujer y a sus hijos, a sus hermanos y hermanas, y hasta a su propia vida, no puede ser mi disc\u00edpulo.<br>El que no carga con su cruz y me sigue, no puede ser mi disc\u00edpulo.<br>\u00bfQui\u00e9n de ustedes, si quiere edificar una torre, no se sienta primero a calcular los gastos, para ver si tiene con qu\u00e9 terminarla?<br>No sea que una vez puestos los cimientos, no pueda acabar y todos los que lo vean se r\u00edan de \u00e9l, diciendo:<br>&#8216;Este comenz\u00f3 a edificar y no pudo terminar&#8217;.<br>\u00bfY qu\u00e9 rey, cuando sale en campa\u00f1a contra otro, no se sienta antes a considerar si con diez mil hombres puede enfrentar al que viene contra \u00e9l con veinte mil?<br>Por el contrario, mientras el otro rey est\u00e1 todav\u00eda lejos, env\u00eda una embajada para negociar la paz.<br>De la misma manera, cualquiera de ustedes que no renuncie a todo lo que posee, no puede ser mi disc\u00edpulo.\u00bb<\/p>\n\n\n\n<p class=\"has-text-align-right\"><em>Extra\u00eddo de la Biblia: Libro del Pueblo de Dios. <\/em><\/p>\n","protected":false},"excerpt":{"rendered":"<p>Junto con Jes\u00fas iba un gran gent\u00edo, y \u00e9l, d\u00e1ndose vuelta, les dijo:\u00abCualquiera que venga a m\u00ed y no me ame m\u00e1s que a su padre y a su madre, a su mujer y a sus hijos, a sus hermanos y hermanas, y hasta a su propia vida, no puede ser mi disc\u00edpulo.El que no [&hellip;]<\/p>\n","protected":false},"author":3,"featured_media":31453,"comment_status":"open","ping_status":"closed","sticky":false,"template":"","format":"standard","meta":{"_et_pb_use_builder":"off","_et_pb_old_content":"<!-- wp:paragraph -->\n<p> Al atardecer de ese mismo d\u00eda, el primero de la semana, estando cerradas las puertas del lugar donde se encontraban los disc\u00edpulos, por temor a los jud\u00edos, lleg\u00f3 Jes\u00fas y poni\u00e9ndose en medio de ellos, les dijo: \"\u00a1La paz est\u00e9 con ustedes!\".<br>Mientras dec\u00eda esto, les mostr\u00f3 sus manos y su costado. Los disc\u00edpulos se llenaron de alegr\u00eda cuando vieron al Se\u00f1or.<br>Jes\u00fas les dijo de nuevo: \"\u00a1La paz est\u00e9 con ustedes! Como el Padre me envi\u00f3 a m\u00ed, yo tambi\u00e9n los env\u00edo a ustedes\".<br>Al decirles esto, sopl\u00f3 sobre ellos y a\u00f1adi\u00f3: \"Reciban el Esp\u00edritu Santo.<br>Los pecados ser\u00e1n perdonados a los que ustedes se los perdonen, y ser\u00e1n retenidos a los que ustedes se los retengan\". <\/p>\n<!-- \/wp:paragraph -->\n\n<!-- wp:paragraph {\"align\":\"right\"} -->\n<p class=\"has-text-align-right\"><em>Extra\u00eddo de la Biblia: Libro del Pueblo de Dios. <\/em><\/p>\n<!-- \/wp:paragraph -->","_et_gb_content_width":""},"categories":[6],"tags":[],"aioseo_notices":[],"_links":{"self":[{"href":"https:\/\/www.obispado-mdp.org.ar\/a\/wp-json\/wp\/v2\/posts\/41410"}],"collection":[{"href":"https:\/\/www.obispado-mdp.org.ar\/a\/wp-json\/wp\/v2\/posts"}],"about":[{"href":"https:\/\/www.obispado-mdp.org.ar\/a\/wp-json\/wp\/v2\/types\/post"}],"author":[{"embeddable":true,"href":"https:\/\/www.obispado-mdp.org.ar\/a\/wp-json\/wp\/v2\/users\/3"}],"replies":[{"embeddable":true,"href":"https:\/\/www.obispado-mdp.org.ar\/a\/wp-json\/wp\/v2\/comments?post=41410"}],"version-history":[{"count":1,"href":"https:\/\/www.obispado-mdp.org.ar\/a\/wp-json\/wp\/v2\/posts\/41410\/revisions"}],"predecessor-version":[{"id":41411,"href":"https:\/\/www.obispado-mdp.org.ar\/a\/wp-json\/wp\/v2\/posts\/41410\/revisions\/41411"}],"wp:featuredmedia":[{"embeddable":true,"href":"https:\/\/www.obispado-mdp.org.ar\/a\/wp-json\/wp\/v2\/media\/31453"}],"wp:attachment":[{"href":"https:\/\/www.obispado-mdp.org.ar\/a\/wp-json\/wp\/v2\/media?parent=41410"}],"wp:term":[{"taxonomy":"category","embeddable":true,"href":"https:\/\/www.obispado-mdp.org.ar\/a\/wp-json\/wp\/v2\/categories?post=41410"},{"taxonomy":"post_tag","embeddable":true,"href":"https:\/\/www.obispado-mdp.org.ar\/a\/wp-json\/wp\/v2\/tags?post=41410"}],"curies":[{"name":"wp","href":"https:\/\/api.w.org\/{rel}","templated":true}]}}