{"id":41412,"date":"2023-11-08T18:30:00","date_gmt":"2023-11-08T21:30:00","guid":{"rendered":"https:\/\/www.obispado-mdp.org.ar\/a\/?p=41412"},"modified":"2023-09-01T15:44:45","modified_gmt":"2023-09-01T18:44:45","slug":"evangelio-segun-san-juan-213-22-3","status":"publish","type":"post","link":"https:\/\/www.obispado-mdp.org.ar\/a\/evangelio-segun-san-juan-213-22-3\/","title":{"rendered":"Evangelio seg\u00fan San\u00a0Juan\u00a02,13-22."},"content":{"rendered":"\n<p>Se acercaba la Pascua de los jud\u00edos. Jes\u00fas subi\u00f3 a Jerusal\u00e9n<br>y encontr\u00f3 en el Templo a los vendedores de bueyes, ovejas y palomas y a los cambistas sentados delante de sus mesas.<br>Hizo un l\u00e1tigo de cuerdas y los ech\u00f3 a todos del Templo, junto con sus ovejas y sus bueyes; desparram\u00f3 las monedas de los cambistas, derrib\u00f3 sus mesas<br>y dijo a los vendedores de palomas: \u00abSaquen esto de aqu\u00ed y no hagan de la casa de mi Padre una casa de comercio\u00bb.<br>Y sus disc\u00edpulos recordaron las palabras de la Escritura: El celo por tu Casa me consumir\u00e1.<br>Entonces los jud\u00edos le preguntaron: \u00ab\u00bfQu\u00e9 signo nos das para obrar as\u00ed?\u00bb.<br>Jes\u00fas les respondi\u00f3: \u00abDestruyan este templo y en tres d\u00edas lo volver\u00e9 a levantar\u00bb.<br>Los jud\u00edos le dijeron: \u00abHan sido necesarios cuarenta y seis a\u00f1os para construir este Templo, \u00bfy t\u00fa lo vas a levantar en tres d\u00edas?\u00bb.<br>Pero \u00e9l se refer\u00eda al templo de su cuerpo.<br>Por eso, cuando Jes\u00fas resucit\u00f3, sus disc\u00edpulos recordaron que \u00e9l hab\u00eda dicho esto, y creyeron en la Escritura y en la palabra que hab\u00eda pronunciado.<\/p>\n\n\n\n<p class=\"has-text-align-right\"><em>Extra\u00eddo de la Biblia: Libro del Pueblo de Dios. <\/em><\/p>\n","protected":false},"excerpt":{"rendered":"<p>Se acercaba la Pascua de los jud\u00edos. Jes\u00fas subi\u00f3 a Jerusal\u00e9ny encontr\u00f3 en el Templo a los vendedores de bueyes, ovejas y palomas y a los cambistas sentados delante de sus mesas.Hizo un l\u00e1tigo de cuerdas y los ech\u00f3 a todos del Templo, junto con sus ovejas y sus bueyes; desparram\u00f3 las monedas de los [&hellip;]<\/p>\n","protected":false},"author":3,"featured_media":31450,"comment_status":"open","ping_status":"closed","sticky":false,"template":"","format":"standard","meta":{"_et_pb_use_builder":"off","_et_pb_old_content":"<!-- wp:paragraph -->\n<p> Al atardecer de ese mismo d\u00eda, el primero de la semana, estando cerradas las puertas del lugar donde se encontraban los disc\u00edpulos, por temor a los jud\u00edos, lleg\u00f3 Jes\u00fas y poni\u00e9ndose en medio de ellos, les dijo: \"\u00a1La paz est\u00e9 con ustedes!\".<br>Mientras dec\u00eda esto, les mostr\u00f3 sus manos y su costado. Los disc\u00edpulos se llenaron de alegr\u00eda cuando vieron al Se\u00f1or.<br>Jes\u00fas les dijo de nuevo: \"\u00a1La paz est\u00e9 con ustedes! Como el Padre me envi\u00f3 a m\u00ed, yo tambi\u00e9n los env\u00edo a ustedes\".<br>Al decirles esto, sopl\u00f3 sobre ellos y a\u00f1adi\u00f3: \"Reciban el Esp\u00edritu Santo.<br>Los pecados ser\u00e1n perdonados a los que ustedes se los perdonen, y ser\u00e1n retenidos a los que ustedes se los retengan\". <\/p>\n<!-- \/wp:paragraph -->\n\n<!-- wp:paragraph {\"align\":\"right\"} -->\n<p class=\"has-text-align-right\"><em>Extra\u00eddo de la Biblia: Libro del Pueblo de Dios. <\/em><\/p>\n<!-- \/wp:paragraph -->","_et_gb_content_width":""},"categories":[6],"tags":[],"aioseo_notices":[],"_links":{"self":[{"href":"https:\/\/www.obispado-mdp.org.ar\/a\/wp-json\/wp\/v2\/posts\/41412"}],"collection":[{"href":"https:\/\/www.obispado-mdp.org.ar\/a\/wp-json\/wp\/v2\/posts"}],"about":[{"href":"https:\/\/www.obispado-mdp.org.ar\/a\/wp-json\/wp\/v2\/types\/post"}],"author":[{"embeddable":true,"href":"https:\/\/www.obispado-mdp.org.ar\/a\/wp-json\/wp\/v2\/users\/3"}],"replies":[{"embeddable":true,"href":"https:\/\/www.obispado-mdp.org.ar\/a\/wp-json\/wp\/v2\/comments?post=41412"}],"version-history":[{"count":1,"href":"https:\/\/www.obispado-mdp.org.ar\/a\/wp-json\/wp\/v2\/posts\/41412\/revisions"}],"predecessor-version":[{"id":41413,"href":"https:\/\/www.obispado-mdp.org.ar\/a\/wp-json\/wp\/v2\/posts\/41412\/revisions\/41413"}],"wp:featuredmedia":[{"embeddable":true,"href":"https:\/\/www.obispado-mdp.org.ar\/a\/wp-json\/wp\/v2\/media\/31450"}],"wp:attachment":[{"href":"https:\/\/www.obispado-mdp.org.ar\/a\/wp-json\/wp\/v2\/media?parent=41412"}],"wp:term":[{"taxonomy":"category","embeddable":true,"href":"https:\/\/www.obispado-mdp.org.ar\/a\/wp-json\/wp\/v2\/categories?post=41412"},{"taxonomy":"post_tag","embeddable":true,"href":"https:\/\/www.obispado-mdp.org.ar\/a\/wp-json\/wp\/v2\/tags?post=41412"}],"curies":[{"name":"wp","href":"https:\/\/api.w.org\/{rel}","templated":true}]}}