{"id":41414,"date":"2023-11-09T18:30:00","date_gmt":"2023-11-09T21:30:00","guid":{"rendered":"https:\/\/www.obispado-mdp.org.ar\/a\/?p=41414"},"modified":"2023-09-01T15:45:48","modified_gmt":"2023-09-01T18:45:48","slug":"evangelio-segun-san-lucas-161-8-3","status":"publish","type":"post","link":"https:\/\/www.obispado-mdp.org.ar\/a\/evangelio-segun-san-lucas-161-8-3\/","title":{"rendered":"Evangelio seg\u00fan San\u00a0Lucas\u00a016,1-8."},"content":{"rendered":"\n<p>Jes\u00fas dec\u00eda a sus disc\u00edpulos:<br>\u00abHab\u00eda un hombre rico que ten\u00eda un administrador, al cual acusaron de malgastar sus bienes.<br>Lo llam\u00f3 y le dijo: &#8216;\u00bfQu\u00e9 es lo que me han contado de ti? Dame cuenta de tu administraci\u00f3n, porque ya no ocupar\u00e1s m\u00e1s ese puesto&#8217;.<br>El administrador pens\u00f3 entonces: &#8216;\u00bfQu\u00e9 voy a hacer ahora que mi se\u00f1or me quita el cargo? \u00bfCavar? No tengo fuerzas. \u00bfPedir limosna? Me da verg\u00fcenza.<br>\u00a1Ya s\u00e9 lo que voy a hacer para que, al dejar el puesto, haya quienes me reciban en su casa!&#8217;.<br>Llam\u00f3 uno por uno a los deudores de su se\u00f1or y pregunt\u00f3 al primero: &#8216;\u00bfCu\u00e1nto debes a mi se\u00f1or?&#8217;.<br>&#8216;Veinte barriles de aceite&#8217;, le respondi\u00f3. El administrador le dijo: &#8216;Toma tu recibo, si\u00e9ntate en seguida, y anota diez&#8217;.<br>Despu\u00e9s pregunt\u00f3 a otro: &#8216;Y t\u00fa, \u00bfcu\u00e1nto debes?&#8217;. &#8216;Cuatrocientos quintales de trigo&#8217;, le respondi\u00f3. El administrador le dijo: &#8216;Toma tu recibo y anota trescientos&#8217;.<br>Y el se\u00f1or alab\u00f3 a este administrador deshonesto, por haber obrado tan h\u00e1bilmente. Porque los hijos de este mundo son m\u00e1s astutos en su trato con los dem\u00e1s que los hijos de la luz.\u00bb<\/p>\n\n\n\n<p class=\"has-text-align-right\"><em>Extra\u00eddo de la Biblia: Libro del Pueblo de Dios. <\/em><\/p>\n","protected":false},"excerpt":{"rendered":"<p>Jes\u00fas dec\u00eda a sus disc\u00edpulos:\u00abHab\u00eda un hombre rico que ten\u00eda un administrador, al cual acusaron de malgastar sus bienes.Lo llam\u00f3 y le dijo: &#8216;\u00bfQu\u00e9 es lo que me han contado de ti? Dame cuenta de tu administraci\u00f3n, porque ya no ocupar\u00e1s m\u00e1s ese puesto&#8217;.El administrador pens\u00f3 entonces: &#8216;\u00bfQu\u00e9 voy a hacer ahora que mi se\u00f1or [&hellip;]<\/p>\n","protected":false},"author":3,"featured_media":31455,"comment_status":"open","ping_status":"closed","sticky":false,"template":"","format":"standard","meta":{"_et_pb_use_builder":"off","_et_pb_old_content":"<!-- wp:paragraph -->\n<p> Al atardecer de ese mismo d\u00eda, el primero de la semana, estando cerradas las puertas del lugar donde se encontraban los disc\u00edpulos, por temor a los jud\u00edos, lleg\u00f3 Jes\u00fas y poni\u00e9ndose en medio de ellos, les dijo: \"\u00a1La paz est\u00e9 con ustedes!\".<br>Mientras dec\u00eda esto, les mostr\u00f3 sus manos y su costado. Los disc\u00edpulos se llenaron de alegr\u00eda cuando vieron al Se\u00f1or.<br>Jes\u00fas les dijo de nuevo: \"\u00a1La paz est\u00e9 con ustedes! Como el Padre me envi\u00f3 a m\u00ed, yo tambi\u00e9n los env\u00edo a ustedes\".<br>Al decirles esto, sopl\u00f3 sobre ellos y a\u00f1adi\u00f3: \"Reciban el Esp\u00edritu Santo.<br>Los pecados ser\u00e1n perdonados a los que ustedes se los perdonen, y ser\u00e1n retenidos a los que ustedes se los retengan\". <\/p>\n<!-- \/wp:paragraph -->\n\n<!-- wp:paragraph {\"align\":\"right\"} -->\n<p class=\"has-text-align-right\"><em>Extra\u00eddo de la Biblia: Libro del Pueblo de Dios. <\/em><\/p>\n<!-- \/wp:paragraph -->","_et_gb_content_width":""},"categories":[6],"tags":[],"aioseo_notices":[],"_links":{"self":[{"href":"https:\/\/www.obispado-mdp.org.ar\/a\/wp-json\/wp\/v2\/posts\/41414"}],"collection":[{"href":"https:\/\/www.obispado-mdp.org.ar\/a\/wp-json\/wp\/v2\/posts"}],"about":[{"href":"https:\/\/www.obispado-mdp.org.ar\/a\/wp-json\/wp\/v2\/types\/post"}],"author":[{"embeddable":true,"href":"https:\/\/www.obispado-mdp.org.ar\/a\/wp-json\/wp\/v2\/users\/3"}],"replies":[{"embeddable":true,"href":"https:\/\/www.obispado-mdp.org.ar\/a\/wp-json\/wp\/v2\/comments?post=41414"}],"version-history":[{"count":1,"href":"https:\/\/www.obispado-mdp.org.ar\/a\/wp-json\/wp\/v2\/posts\/41414\/revisions"}],"predecessor-version":[{"id":41415,"href":"https:\/\/www.obispado-mdp.org.ar\/a\/wp-json\/wp\/v2\/posts\/41414\/revisions\/41415"}],"wp:featuredmedia":[{"embeddable":true,"href":"https:\/\/www.obispado-mdp.org.ar\/a\/wp-json\/wp\/v2\/media\/31455"}],"wp:attachment":[{"href":"https:\/\/www.obispado-mdp.org.ar\/a\/wp-json\/wp\/v2\/media?parent=41414"}],"wp:term":[{"taxonomy":"category","embeddable":true,"href":"https:\/\/www.obispado-mdp.org.ar\/a\/wp-json\/wp\/v2\/categories?post=41414"},{"taxonomy":"post_tag","embeddable":true,"href":"https:\/\/www.obispado-mdp.org.ar\/a\/wp-json\/wp\/v2\/tags?post=41414"}],"curies":[{"name":"wp","href":"https:\/\/api.w.org\/{rel}","templated":true}]}}