{"id":41416,"date":"2023-11-10T18:30:00","date_gmt":"2023-11-10T21:30:00","guid":{"rendered":"https:\/\/www.obispado-mdp.org.ar\/a\/?p=41416"},"modified":"2023-09-01T15:46:52","modified_gmt":"2023-09-01T18:46:52","slug":"evangelio-segun-san-lucas-169-15-3","status":"publish","type":"post","link":"https:\/\/www.obispado-mdp.org.ar\/a\/evangelio-segun-san-lucas-169-15-3\/","title":{"rendered":"Evangelio seg\u00fan San\u00a0Lucas\u00a016,9-15."},"content":{"rendered":"\n<p>Jes\u00fas dec\u00eda a sus disc\u00edpulos:<br>\u00abG\u00e1nense amigos con el dinero de la injusticia, para que el d\u00eda en que este les falte, ellos los reciban en las moradas eternas.<br>El que es fiel en lo poco, tambi\u00e9n es fiel en lo mucho, y el que es deshonesto en lo poco, tambi\u00e9n es deshonesto en lo mucho.<br>Si ustedes no son fieles en el uso del dinero injusto, \u00bfqui\u00e9n les confiar\u00e1 el verdadero bien?<br>Y si no son fieles con lo ajeno, \u00bfqui\u00e9n les confiar\u00e1 lo que les pertenece a ustedes?<br>Ning\u00fan servidor puede servir a dos se\u00f1ores, porque aborrecer\u00e1 a uno y amar\u00e1 al otro, o bien se interesar\u00e1 por el primero y menospreciar\u00e1 al segundo. No se puede servir a Dios y al Dinero\u00bb.<br>Los fariseos, que eran amigos del dinero, escuchaban todo esto y se burlaban de Jes\u00fas.<br>El les dijo: \u00abUstedes aparentan rectitud ante los hombres, pero Dios conoce sus corazones. Porque lo que es estimable a los ojos de los hombres, resulta despreciable para Dios.\u00bb<\/p>\n\n\n\n<p class=\"has-text-align-right\"><em>Extra\u00eddo de la Biblia: Libro del Pueblo de Dios. <\/em><\/p>\n","protected":false},"excerpt":{"rendered":"<p>Jes\u00fas dec\u00eda a sus disc\u00edpulos:\u00abG\u00e1nense amigos con el dinero de la injusticia, para que el d\u00eda en que este les falte, ellos los reciban en las moradas eternas.El que es fiel en lo poco, tambi\u00e9n es fiel en lo mucho, y el que es deshonesto en lo poco, tambi\u00e9n es deshonesto en lo mucho.Si ustedes [&hellip;]<\/p>\n","protected":false},"author":3,"featured_media":31440,"comment_status":"open","ping_status":"closed","sticky":false,"template":"","format":"standard","meta":{"_et_pb_use_builder":"off","_et_pb_old_content":"<!-- wp:paragraph -->\n<p> Al atardecer de ese mismo d\u00eda, el primero de la semana, estando cerradas las puertas del lugar donde se encontraban los disc\u00edpulos, por temor a los jud\u00edos, lleg\u00f3 Jes\u00fas y poni\u00e9ndose en medio de ellos, les dijo: \"\u00a1La paz est\u00e9 con ustedes!\".<br>Mientras dec\u00eda esto, les mostr\u00f3 sus manos y su costado. Los disc\u00edpulos se llenaron de alegr\u00eda cuando vieron al Se\u00f1or.<br>Jes\u00fas les dijo de nuevo: \"\u00a1La paz est\u00e9 con ustedes! Como el Padre me envi\u00f3 a m\u00ed, yo tambi\u00e9n los env\u00edo a ustedes\".<br>Al decirles esto, sopl\u00f3 sobre ellos y a\u00f1adi\u00f3: \"Reciban el Esp\u00edritu Santo.<br>Los pecados ser\u00e1n perdonados a los que ustedes se los perdonen, y ser\u00e1n retenidos a los que ustedes se los retengan\". <\/p>\n<!-- \/wp:paragraph -->\n\n<!-- wp:paragraph {\"align\":\"right\"} -->\n<p class=\"has-text-align-right\"><em>Extra\u00eddo de la Biblia: Libro del Pueblo de Dios. <\/em><\/p>\n<!-- \/wp:paragraph -->","_et_gb_content_width":""},"categories":[6],"tags":[],"aioseo_notices":[],"_links":{"self":[{"href":"https:\/\/www.obispado-mdp.org.ar\/a\/wp-json\/wp\/v2\/posts\/41416"}],"collection":[{"href":"https:\/\/www.obispado-mdp.org.ar\/a\/wp-json\/wp\/v2\/posts"}],"about":[{"href":"https:\/\/www.obispado-mdp.org.ar\/a\/wp-json\/wp\/v2\/types\/post"}],"author":[{"embeddable":true,"href":"https:\/\/www.obispado-mdp.org.ar\/a\/wp-json\/wp\/v2\/users\/3"}],"replies":[{"embeddable":true,"href":"https:\/\/www.obispado-mdp.org.ar\/a\/wp-json\/wp\/v2\/comments?post=41416"}],"version-history":[{"count":1,"href":"https:\/\/www.obispado-mdp.org.ar\/a\/wp-json\/wp\/v2\/posts\/41416\/revisions"}],"predecessor-version":[{"id":41417,"href":"https:\/\/www.obispado-mdp.org.ar\/a\/wp-json\/wp\/v2\/posts\/41416\/revisions\/41417"}],"wp:featuredmedia":[{"embeddable":true,"href":"https:\/\/www.obispado-mdp.org.ar\/a\/wp-json\/wp\/v2\/media\/31440"}],"wp:attachment":[{"href":"https:\/\/www.obispado-mdp.org.ar\/a\/wp-json\/wp\/v2\/media?parent=41416"}],"wp:term":[{"taxonomy":"category","embeddable":true,"href":"https:\/\/www.obispado-mdp.org.ar\/a\/wp-json\/wp\/v2\/categories?post=41416"},{"taxonomy":"post_tag","embeddable":true,"href":"https:\/\/www.obispado-mdp.org.ar\/a\/wp-json\/wp\/v2\/tags?post=41416"}],"curies":[{"name":"wp","href":"https:\/\/api.w.org\/{rel}","templated":true}]}}