{"id":41420,"date":"2023-11-12T18:30:00","date_gmt":"2023-11-12T21:30:00","guid":{"rendered":"https:\/\/www.obispado-mdp.org.ar\/a\/?p=41420"},"modified":"2023-09-01T15:49:53","modified_gmt":"2023-09-01T18:49:53","slug":"evangelio-segun-san-lucas-171-6-2","status":"publish","type":"post","link":"https:\/\/www.obispado-mdp.org.ar\/a\/evangelio-segun-san-lucas-171-6-2\/","title":{"rendered":"Evangelio seg\u00fan San\u00a0Lucas\u00a017,1-6."},"content":{"rendered":"\n<p>Jes\u00fas dijo a sus disc\u00edpulos: \u00abEs inevitable que haya esc\u00e1ndalos, pero \u00a1ay de aquel que los ocasiona!<br>M\u00e1s le valdr\u00eda que le ataran al cuello una piedra de moler y lo precipitaran al mar, antes que escandalizar a uno de estos peque\u00f1os.<br>Por lo tanto, \u00a1tengan cuidado! Si tu hermano peca, repr\u00e9ndelo, y si se arrepiente, perd\u00f3nalo.<br>Y si peca siete veces al d\u00eda contra ti, y otras tantas vuelve a ti, diciendo: &#8216;Me arrepiento&#8217;, perd\u00f3nalo\u00bb.<br>Los Ap\u00f3stoles dijeron al Se\u00f1or: \u00abAum\u00e9ntanos la fe\u00bb.<br>El respondi\u00f3: \u00abSi ustedes tuvieran fe del tama\u00f1o de un grano de mostaza, y dijeran a esa morera que est\u00e1 ah\u00ed: &#8216;Arr\u00e1ncate de ra\u00edz y pl\u00e1ntate en el mar&#8217;, ella les obedecer\u00eda.\u00bb<\/p>\n\n\n\n<p class=\"has-text-align-right\"><em>Extra\u00eddo de la Biblia: Libro del Pueblo de Dios. <\/em><\/p>\n","protected":false},"excerpt":{"rendered":"<p>Jes\u00fas dijo a sus disc\u00edpulos: \u00abEs inevitable que haya esc\u00e1ndalos, pero \u00a1ay de aquel que los ocasiona!M\u00e1s le valdr\u00eda que le ataran al cuello una piedra de moler y lo precipitaran al mar, antes que escandalizar a uno de estos peque\u00f1os.Por lo tanto, \u00a1tengan cuidado! Si tu hermano peca, repr\u00e9ndelo, y si se arrepiente, perd\u00f3nalo.Y [&hellip;]<\/p>\n","protected":false},"author":3,"featured_media":31451,"comment_status":"open","ping_status":"closed","sticky":false,"template":"","format":"standard","meta":{"_et_pb_use_builder":"off","_et_pb_old_content":"<!-- wp:paragraph -->\n<p> Al atardecer de ese mismo d\u00eda, el primero de la semana, estando cerradas las puertas del lugar donde se encontraban los disc\u00edpulos, por temor a los jud\u00edos, lleg\u00f3 Jes\u00fas y poni\u00e9ndose en medio de ellos, les dijo: \"\u00a1La paz est\u00e9 con ustedes!\".<br>Mientras dec\u00eda esto, les mostr\u00f3 sus manos y su costado. Los disc\u00edpulos se llenaron de alegr\u00eda cuando vieron al Se\u00f1or.<br>Jes\u00fas les dijo de nuevo: \"\u00a1La paz est\u00e9 con ustedes! Como el Padre me envi\u00f3 a m\u00ed, yo tambi\u00e9n los env\u00edo a ustedes\".<br>Al decirles esto, sopl\u00f3 sobre ellos y a\u00f1adi\u00f3: \"Reciban el Esp\u00edritu Santo.<br>Los pecados ser\u00e1n perdonados a los que ustedes se los perdonen, y ser\u00e1n retenidos a los que ustedes se los retengan\". <\/p>\n<!-- \/wp:paragraph -->\n\n<!-- wp:paragraph {\"align\":\"right\"} -->\n<p class=\"has-text-align-right\"><em>Extra\u00eddo de la Biblia: Libro del Pueblo de Dios. <\/em><\/p>\n<!-- \/wp:paragraph -->","_et_gb_content_width":""},"categories":[6],"tags":[],"aioseo_notices":[],"_links":{"self":[{"href":"https:\/\/www.obispado-mdp.org.ar\/a\/wp-json\/wp\/v2\/posts\/41420"}],"collection":[{"href":"https:\/\/www.obispado-mdp.org.ar\/a\/wp-json\/wp\/v2\/posts"}],"about":[{"href":"https:\/\/www.obispado-mdp.org.ar\/a\/wp-json\/wp\/v2\/types\/post"}],"author":[{"embeddable":true,"href":"https:\/\/www.obispado-mdp.org.ar\/a\/wp-json\/wp\/v2\/users\/3"}],"replies":[{"embeddable":true,"href":"https:\/\/www.obispado-mdp.org.ar\/a\/wp-json\/wp\/v2\/comments?post=41420"}],"version-history":[{"count":1,"href":"https:\/\/www.obispado-mdp.org.ar\/a\/wp-json\/wp\/v2\/posts\/41420\/revisions"}],"predecessor-version":[{"id":41421,"href":"https:\/\/www.obispado-mdp.org.ar\/a\/wp-json\/wp\/v2\/posts\/41420\/revisions\/41421"}],"wp:featuredmedia":[{"embeddable":true,"href":"https:\/\/www.obispado-mdp.org.ar\/a\/wp-json\/wp\/v2\/media\/31451"}],"wp:attachment":[{"href":"https:\/\/www.obispado-mdp.org.ar\/a\/wp-json\/wp\/v2\/media?parent=41420"}],"wp:term":[{"taxonomy":"category","embeddable":true,"href":"https:\/\/www.obispado-mdp.org.ar\/a\/wp-json\/wp\/v2\/categories?post=41420"},{"taxonomy":"post_tag","embeddable":true,"href":"https:\/\/www.obispado-mdp.org.ar\/a\/wp-json\/wp\/v2\/tags?post=41420"}],"curies":[{"name":"wp","href":"https:\/\/api.w.org\/{rel}","templated":true}]}}