{"id":41424,"date":"2023-11-14T18:30:00","date_gmt":"2023-11-14T21:30:00","guid":{"rendered":"https:\/\/www.obispado-mdp.org.ar\/a\/?p=41424"},"modified":"2023-09-01T16:53:53","modified_gmt":"2023-09-01T19:53:53","slug":"evangelio-segun-san-lucas-1711-19-4","status":"publish","type":"post","link":"https:\/\/www.obispado-mdp.org.ar\/a\/evangelio-segun-san-lucas-1711-19-4\/","title":{"rendered":"Evangelio seg\u00fan San\u00a0Lucas\u00a017,11-19."},"content":{"rendered":"\n<p>Mientras se dirig\u00eda a Jerusal\u00e9n, Jes\u00fas pasaba a trav\u00e9s de Samar\u00eda y Galilea.<br>Al entrar en un poblado, le salieron al encuentro diez leprosos, que se detuvieron a distancia<br>y empezaron a gritarle: \u00ab\u00a1Jes\u00fas, Maestro, ten compasi\u00f3n de nosotros!\u00bb.<br>Al verlos, Jes\u00fas les dijo: \u00abVayan a presentarse a los sacerdotes\u00bb. Y en el camino quedaron purificados.<br>Uno de ellos, al comprobar que estaba curado, volvi\u00f3 atr\u00e1s alabando a Dios en voz alta<br>y se arroj\u00f3 a los pies de Jes\u00fas con el rostro en tierra, d\u00e1ndole gracias. Era un samaritano.<br>Jes\u00fas le dijo entonces: \u00ab\u00bfC\u00f3mo, no quedaron purificados los diez? Los otros nueve, \u00bfd\u00f3nde est\u00e1n?<br>\u00bfNinguno volvi\u00f3 a dar gracias a Dios, sino este extranjero?\u00bb.<br>Y agreg\u00f3: \u00abLev\u00e1ntate y vete, tu fe te ha salvado\u00bb.<\/p>\n\n\n\n<p class=\"has-text-align-right\"><em>Extra\u00eddo de la Biblia: Libro del Pueblo de Dios. <\/em><\/p>\n","protected":false},"excerpt":{"rendered":"<p>Mientras se dirig\u00eda a Jerusal\u00e9n, Jes\u00fas pasaba a trav\u00e9s de Samar\u00eda y Galilea.Al entrar en un poblado, le salieron al encuentro diez leprosos, que se detuvieron a distanciay empezaron a gritarle: \u00ab\u00a1Jes\u00fas, Maestro, ten compasi\u00f3n de nosotros!\u00bb.Al verlos, Jes\u00fas les dijo: \u00abVayan a presentarse a los sacerdotes\u00bb. Y en el camino quedaron purificados.Uno de ellos, [&hellip;]<\/p>\n","protected":false},"author":3,"featured_media":31453,"comment_status":"open","ping_status":"closed","sticky":false,"template":"","format":"standard","meta":{"_et_pb_use_builder":"off","_et_pb_old_content":"<!-- wp:paragraph -->\n<p> Al atardecer de ese mismo d\u00eda, el primero de la semana, estando cerradas las puertas del lugar donde se encontraban los disc\u00edpulos, por temor a los jud\u00edos, lleg\u00f3 Jes\u00fas y poni\u00e9ndose en medio de ellos, les dijo: \"\u00a1La paz est\u00e9 con ustedes!\".<br>Mientras dec\u00eda esto, les mostr\u00f3 sus manos y su costado. Los disc\u00edpulos se llenaron de alegr\u00eda cuando vieron al Se\u00f1or.<br>Jes\u00fas les dijo de nuevo: \"\u00a1La paz est\u00e9 con ustedes! Como el Padre me envi\u00f3 a m\u00ed, yo tambi\u00e9n los env\u00edo a ustedes\".<br>Al decirles esto, sopl\u00f3 sobre ellos y a\u00f1adi\u00f3: \"Reciban el Esp\u00edritu Santo.<br>Los pecados ser\u00e1n perdonados a los que ustedes se los perdonen, y ser\u00e1n retenidos a los que ustedes se los retengan\". <\/p>\n<!-- \/wp:paragraph -->\n\n<!-- wp:paragraph {\"align\":\"right\"} -->\n<p class=\"has-text-align-right\"><em>Extra\u00eddo de la Biblia: Libro del Pueblo de Dios. <\/em><\/p>\n<!-- \/wp:paragraph -->","_et_gb_content_width":""},"categories":[6],"tags":[],"aioseo_notices":[],"_links":{"self":[{"href":"https:\/\/www.obispado-mdp.org.ar\/a\/wp-json\/wp\/v2\/posts\/41424"}],"collection":[{"href":"https:\/\/www.obispado-mdp.org.ar\/a\/wp-json\/wp\/v2\/posts"}],"about":[{"href":"https:\/\/www.obispado-mdp.org.ar\/a\/wp-json\/wp\/v2\/types\/post"}],"author":[{"embeddable":true,"href":"https:\/\/www.obispado-mdp.org.ar\/a\/wp-json\/wp\/v2\/users\/3"}],"replies":[{"embeddable":true,"href":"https:\/\/www.obispado-mdp.org.ar\/a\/wp-json\/wp\/v2\/comments?post=41424"}],"version-history":[{"count":1,"href":"https:\/\/www.obispado-mdp.org.ar\/a\/wp-json\/wp\/v2\/posts\/41424\/revisions"}],"predecessor-version":[{"id":41425,"href":"https:\/\/www.obispado-mdp.org.ar\/a\/wp-json\/wp\/v2\/posts\/41424\/revisions\/41425"}],"wp:featuredmedia":[{"embeddable":true,"href":"https:\/\/www.obispado-mdp.org.ar\/a\/wp-json\/wp\/v2\/media\/31453"}],"wp:attachment":[{"href":"https:\/\/www.obispado-mdp.org.ar\/a\/wp-json\/wp\/v2\/media?parent=41424"}],"wp:term":[{"taxonomy":"category","embeddable":true,"href":"https:\/\/www.obispado-mdp.org.ar\/a\/wp-json\/wp\/v2\/categories?post=41424"},{"taxonomy":"post_tag","embeddable":true,"href":"https:\/\/www.obispado-mdp.org.ar\/a\/wp-json\/wp\/v2\/tags?post=41424"}],"curies":[{"name":"wp","href":"https:\/\/api.w.org\/{rel}","templated":true}]}}