{"id":41426,"date":"2023-11-15T18:30:00","date_gmt":"2023-11-15T21:30:00","guid":{"rendered":"https:\/\/www.obispado-mdp.org.ar\/a\/?p=41426"},"modified":"2023-09-01T16:55:25","modified_gmt":"2023-09-01T19:55:25","slug":"evangelio-segun-san-lucas-1720-25-3","status":"publish","type":"post","link":"https:\/\/www.obispado-mdp.org.ar\/a\/evangelio-segun-san-lucas-1720-25-3\/","title":{"rendered":"Evangelio seg\u00fan San\u00a0Lucas\u00a017,20-25."},"content":{"rendered":"\n<p>Los fariseos le preguntaron cu\u00e1ndo llegar\u00e1 el Reino de Dios. El les respondi\u00f3: \u00abEl Reino de Dios no viene ostensiblemente,<br>y no se podr\u00e1 decir: &#8216;Est\u00e1 aqu\u00ed&#8217; o &#8216;Est\u00e1 all\u00ed&#8217;. Porque el Reino de Dios est\u00e1 entre ustedes\u00bb.<br>Jes\u00fas dijo despu\u00e9s a sus disc\u00edpulos: \u00abVendr\u00e1 el tiempo en que ustedes desear\u00e1n ver uno solo de los d\u00edas del Hijo del hombre y no lo ver\u00e1n.<br>Les dir\u00e1n: &#8216;Est\u00e1 aqu\u00ed&#8217; o &#8216;Est\u00e1 all\u00ed&#8217;, pero no corran a buscarlo.<br>Como el rel\u00e1mpago brilla de un extremo al otro del cielo, as\u00ed ser\u00e1 el Hijo del hombre cuando llegue su D\u00eda.<br>Pero antes tendr\u00e1 que sufrir mucho y ser\u00e1 rechazado por esta generaci\u00f3n.\u00bb<\/p>\n\n\n\n<p class=\"has-text-align-right\"><em>Extra\u00eddo de la Biblia: Libro del Pueblo de Dios. <\/em><\/p>\n","protected":false},"excerpt":{"rendered":"<p>Los fariseos le preguntaron cu\u00e1ndo llegar\u00e1 el Reino de Dios. El les respondi\u00f3: \u00abEl Reino de Dios no viene ostensiblemente,y no se podr\u00e1 decir: &#8216;Est\u00e1 aqu\u00ed&#8217; o &#8216;Est\u00e1 all\u00ed&#8217;. Porque el Reino de Dios est\u00e1 entre ustedes\u00bb.Jes\u00fas dijo despu\u00e9s a sus disc\u00edpulos: \u00abVendr\u00e1 el tiempo en que ustedes desear\u00e1n ver uno solo de los d\u00edas [&hellip;]<\/p>\n","protected":false},"author":3,"featured_media":31450,"comment_status":"open","ping_status":"closed","sticky":false,"template":"","format":"standard","meta":{"_et_pb_use_builder":"off","_et_pb_old_content":"<!-- wp:paragraph -->\n<p> Al atardecer de ese mismo d\u00eda, el primero de la semana, estando cerradas las puertas del lugar donde se encontraban los disc\u00edpulos, por temor a los jud\u00edos, lleg\u00f3 Jes\u00fas y poni\u00e9ndose en medio de ellos, les dijo: \"\u00a1La paz est\u00e9 con ustedes!\".<br>Mientras dec\u00eda esto, les mostr\u00f3 sus manos y su costado. Los disc\u00edpulos se llenaron de alegr\u00eda cuando vieron al Se\u00f1or.<br>Jes\u00fas les dijo de nuevo: \"\u00a1La paz est\u00e9 con ustedes! Como el Padre me envi\u00f3 a m\u00ed, yo tambi\u00e9n los env\u00edo a ustedes\".<br>Al decirles esto, sopl\u00f3 sobre ellos y a\u00f1adi\u00f3: \"Reciban el Esp\u00edritu Santo.<br>Los pecados ser\u00e1n perdonados a los que ustedes se los perdonen, y ser\u00e1n retenidos a los que ustedes se los retengan\". <\/p>\n<!-- \/wp:paragraph -->\n\n<!-- wp:paragraph {\"align\":\"right\"} -->\n<p class=\"has-text-align-right\"><em>Extra\u00eddo de la Biblia: Libro del Pueblo de Dios. <\/em><\/p>\n<!-- \/wp:paragraph -->","_et_gb_content_width":""},"categories":[6],"tags":[],"aioseo_notices":[],"_links":{"self":[{"href":"https:\/\/www.obispado-mdp.org.ar\/a\/wp-json\/wp\/v2\/posts\/41426"}],"collection":[{"href":"https:\/\/www.obispado-mdp.org.ar\/a\/wp-json\/wp\/v2\/posts"}],"about":[{"href":"https:\/\/www.obispado-mdp.org.ar\/a\/wp-json\/wp\/v2\/types\/post"}],"author":[{"embeddable":true,"href":"https:\/\/www.obispado-mdp.org.ar\/a\/wp-json\/wp\/v2\/users\/3"}],"replies":[{"embeddable":true,"href":"https:\/\/www.obispado-mdp.org.ar\/a\/wp-json\/wp\/v2\/comments?post=41426"}],"version-history":[{"count":1,"href":"https:\/\/www.obispado-mdp.org.ar\/a\/wp-json\/wp\/v2\/posts\/41426\/revisions"}],"predecessor-version":[{"id":41427,"href":"https:\/\/www.obispado-mdp.org.ar\/a\/wp-json\/wp\/v2\/posts\/41426\/revisions\/41427"}],"wp:featuredmedia":[{"embeddable":true,"href":"https:\/\/www.obispado-mdp.org.ar\/a\/wp-json\/wp\/v2\/media\/31450"}],"wp:attachment":[{"href":"https:\/\/www.obispado-mdp.org.ar\/a\/wp-json\/wp\/v2\/media?parent=41426"}],"wp:term":[{"taxonomy":"category","embeddable":true,"href":"https:\/\/www.obispado-mdp.org.ar\/a\/wp-json\/wp\/v2\/categories?post=41426"},{"taxonomy":"post_tag","embeddable":true,"href":"https:\/\/www.obispado-mdp.org.ar\/a\/wp-json\/wp\/v2\/tags?post=41426"}],"curies":[{"name":"wp","href":"https:\/\/api.w.org\/{rel}","templated":true}]}}