{"id":41434,"date":"2023-11-19T18:30:00","date_gmt":"2023-11-19T21:30:00","guid":{"rendered":"https:\/\/www.obispado-mdp.org.ar\/a\/?p=41434"},"modified":"2023-09-01T17:08:43","modified_gmt":"2023-09-01T20:08:43","slug":"evangelio-segun-san-lucas-1835-43-3","status":"publish","type":"post","link":"https:\/\/www.obispado-mdp.org.ar\/a\/evangelio-segun-san-lucas-1835-43-3\/","title":{"rendered":"Evangelio seg\u00fan San\u00a0Lucas\u00a018,35-43."},"content":{"rendered":"\n<p>Cuando se acercaba a Jeric\u00f3, un ciego estaba sentado al borde del camino, pidiendo limosna.<br>Al o\u00edr que pasaba mucha gente, pregunt\u00f3 qu\u00e9 suced\u00eda.<br>Le respondieron que pasaba Jes\u00fas de Nazaret.<br>El ciego se puso a gritar: \u00ab\u00a1Jes\u00fas, Hijo de David, ten compasi\u00f3n de m\u00ed!\u00bb.<br>Los que iban delante lo reprend\u00edan para que se callara, pero \u00e9l gritaba m\u00e1s fuerte: \u00ab\u00a1Hijo de David, ten compasi\u00f3n de m\u00ed!\u00bb.<br>Jes\u00fas se detuvo y mand\u00f3 que se lo trajeran. Cuando lo tuvo a su lado, le pregunt\u00f3:<br>\u00ab\u00bfQu\u00e9 quieres que haga por ti?\u00bb. \u00abSe\u00f1or, que yo vea otra vez\u00bb.<br>Y Jes\u00fas le dijo: \u00abRecupera la vista, tu fe te ha salvado\u00bb.<br>En el mismo momento, el ciego recuper\u00f3 la vista y sigui\u00f3 a Jes\u00fas, glorificando a Dios. Al ver esto, todo el pueblo alababa a Dios.<\/p>\n\n\n\n<p class=\"has-text-align-right\"><em>Extra\u00eddo de la Biblia: Libro del Pueblo de Dios. <\/em><\/p>\n","protected":false},"excerpt":{"rendered":"<p>Cuando se acercaba a Jeric\u00f3, un ciego estaba sentado al borde del camino, pidiendo limosna.Al o\u00edr que pasaba mucha gente, pregunt\u00f3 qu\u00e9 suced\u00eda.Le respondieron que pasaba Jes\u00fas de Nazaret.El ciego se puso a gritar: \u00ab\u00a1Jes\u00fas, Hijo de David, ten compasi\u00f3n de m\u00ed!\u00bb.Los que iban delante lo reprend\u00edan para que se callara, pero \u00e9l gritaba m\u00e1s [&hellip;]<\/p>\n","protected":false},"author":3,"featured_media":31451,"comment_status":"open","ping_status":"closed","sticky":false,"template":"","format":"standard","meta":{"_et_pb_use_builder":"off","_et_pb_old_content":"<!-- wp:paragraph -->\n<p> Al atardecer de ese mismo d\u00eda, el primero de la semana, estando cerradas las puertas del lugar donde se encontraban los disc\u00edpulos, por temor a los jud\u00edos, lleg\u00f3 Jes\u00fas y poni\u00e9ndose en medio de ellos, les dijo: \"\u00a1La paz est\u00e9 con ustedes!\".<br>Mientras dec\u00eda esto, les mostr\u00f3 sus manos y su costado. Los disc\u00edpulos se llenaron de alegr\u00eda cuando vieron al Se\u00f1or.<br>Jes\u00fas les dijo de nuevo: \"\u00a1La paz est\u00e9 con ustedes! Como el Padre me envi\u00f3 a m\u00ed, yo tambi\u00e9n los env\u00edo a ustedes\".<br>Al decirles esto, sopl\u00f3 sobre ellos y a\u00f1adi\u00f3: \"Reciban el Esp\u00edritu Santo.<br>Los pecados ser\u00e1n perdonados a los que ustedes se los perdonen, y ser\u00e1n retenidos a los que ustedes se los retengan\". <\/p>\n<!-- \/wp:paragraph -->\n\n<!-- wp:paragraph {\"align\":\"right\"} -->\n<p class=\"has-text-align-right\"><em>Extra\u00eddo de la Biblia: Libro del Pueblo de Dios. <\/em><\/p>\n<!-- \/wp:paragraph -->","_et_gb_content_width":""},"categories":[6],"tags":[],"aioseo_notices":[],"_links":{"self":[{"href":"https:\/\/www.obispado-mdp.org.ar\/a\/wp-json\/wp\/v2\/posts\/41434"}],"collection":[{"href":"https:\/\/www.obispado-mdp.org.ar\/a\/wp-json\/wp\/v2\/posts"}],"about":[{"href":"https:\/\/www.obispado-mdp.org.ar\/a\/wp-json\/wp\/v2\/types\/post"}],"author":[{"embeddable":true,"href":"https:\/\/www.obispado-mdp.org.ar\/a\/wp-json\/wp\/v2\/users\/3"}],"replies":[{"embeddable":true,"href":"https:\/\/www.obispado-mdp.org.ar\/a\/wp-json\/wp\/v2\/comments?post=41434"}],"version-history":[{"count":1,"href":"https:\/\/www.obispado-mdp.org.ar\/a\/wp-json\/wp\/v2\/posts\/41434\/revisions"}],"predecessor-version":[{"id":41435,"href":"https:\/\/www.obispado-mdp.org.ar\/a\/wp-json\/wp\/v2\/posts\/41434\/revisions\/41435"}],"wp:featuredmedia":[{"embeddable":true,"href":"https:\/\/www.obispado-mdp.org.ar\/a\/wp-json\/wp\/v2\/media\/31451"}],"wp:attachment":[{"href":"https:\/\/www.obispado-mdp.org.ar\/a\/wp-json\/wp\/v2\/media?parent=41434"}],"wp:term":[{"taxonomy":"category","embeddable":true,"href":"https:\/\/www.obispado-mdp.org.ar\/a\/wp-json\/wp\/v2\/categories?post=41434"},{"taxonomy":"post_tag","embeddable":true,"href":"https:\/\/www.obispado-mdp.org.ar\/a\/wp-json\/wp\/v2\/tags?post=41434"}],"curies":[{"name":"wp","href":"https:\/\/api.w.org\/{rel}","templated":true}]}}