{"id":41436,"date":"2023-11-20T18:30:00","date_gmt":"2023-11-20T21:30:00","guid":{"rendered":"https:\/\/www.obispado-mdp.org.ar\/a\/?p=41436"},"modified":"2023-09-01T17:11:23","modified_gmt":"2023-09-01T20:11:23","slug":"evangelio-segun-san-lucas-191-10-4","status":"publish","type":"post","link":"https:\/\/www.obispado-mdp.org.ar\/a\/evangelio-segun-san-lucas-191-10-4\/","title":{"rendered":"Evangelio seg\u00fan San\u00a0Lucas\u00a019,1-10."},"content":{"rendered":"\n<p>Jes\u00fas entr\u00f3 en Jeric\u00f3 y atravesaba la ciudad.<br>All\u00ed viv\u00eda un hombre muy rico llamado Zaqueo, que era jefe de los publicanos.<br>El quer\u00eda ver qui\u00e9n era Jes\u00fas, pero no pod\u00eda a causa de la multitud, porque era de baja estatura.<br>Entonces se adelant\u00f3 y subi\u00f3 a un sicomoro para poder verlo, porque iba a pasar por all\u00ed.<br>Al llegar a ese lugar, Jes\u00fas mir\u00f3 hacia arriba y le dijo: \u00abZaqueo, baja pronto, porque hoy tengo que alojarme en tu casa\u00bb.<br>Zaqueo baj\u00f3 r\u00e1pidamente y lo recibi\u00f3 con alegr\u00eda.<br>Al ver esto, todos murmuraban, diciendo: \u00abSe ha ido a alojar en casa de un pecador\u00bb.<br>Pero Zaqueo dijo resueltamente al Se\u00f1or: \u00abSe\u00f1or, voy a dar la mitad de mis bienes a los pobres, y si he perjudicado a alguien, le dar\u00e9 cuatro veces m\u00e1s\u00bb.<br>Y Jes\u00fas le dijo: \u00abHoy ha llegado la salvaci\u00f3n a esta casa, ya que tambi\u00e9n este hombre es un hijo de Abraham,<br>porque el Hijo del hombre vino a buscar y a salvar lo que estaba perdido\u00bb.<\/p>\n\n\n\n<p class=\"has-text-align-right\"><em>Extra\u00eddo de la Biblia: Libro del Pueblo de Dios. <\/em><\/p>\n","protected":false},"excerpt":{"rendered":"<p>Jes\u00fas entr\u00f3 en Jeric\u00f3 y atravesaba la ciudad.All\u00ed viv\u00eda un hombre muy rico llamado Zaqueo, que era jefe de los publicanos.El quer\u00eda ver qui\u00e9n era Jes\u00fas, pero no pod\u00eda a causa de la multitud, porque era de baja estatura.Entonces se adelant\u00f3 y subi\u00f3 a un sicomoro para poder verlo, porque iba a pasar por all\u00ed.Al [&hellip;]<\/p>\n","protected":false},"author":3,"featured_media":31452,"comment_status":"open","ping_status":"closed","sticky":false,"template":"","format":"standard","meta":{"_et_pb_use_builder":"off","_et_pb_old_content":"<!-- wp:paragraph -->\n<p> Al atardecer de ese mismo d\u00eda, el primero de la semana, estando cerradas las puertas del lugar donde se encontraban los disc\u00edpulos, por temor a los jud\u00edos, lleg\u00f3 Jes\u00fas y poni\u00e9ndose en medio de ellos, les dijo: \"\u00a1La paz est\u00e9 con ustedes!\".<br>Mientras dec\u00eda esto, les mostr\u00f3 sus manos y su costado. Los disc\u00edpulos se llenaron de alegr\u00eda cuando vieron al Se\u00f1or.<br>Jes\u00fas les dijo de nuevo: \"\u00a1La paz est\u00e9 con ustedes! Como el Padre me envi\u00f3 a m\u00ed, yo tambi\u00e9n los env\u00edo a ustedes\".<br>Al decirles esto, sopl\u00f3 sobre ellos y a\u00f1adi\u00f3: \"Reciban el Esp\u00edritu Santo.<br>Los pecados ser\u00e1n perdonados a los que ustedes se los perdonen, y ser\u00e1n retenidos a los que ustedes se los retengan\". <\/p>\n<!-- \/wp:paragraph -->\n\n<!-- wp:paragraph {\"align\":\"right\"} -->\n<p class=\"has-text-align-right\"><em>Extra\u00eddo de la Biblia: Libro del Pueblo de Dios. <\/em><\/p>\n<!-- \/wp:paragraph -->","_et_gb_content_width":""},"categories":[6],"tags":[],"aioseo_notices":[],"_links":{"self":[{"href":"https:\/\/www.obispado-mdp.org.ar\/a\/wp-json\/wp\/v2\/posts\/41436"}],"collection":[{"href":"https:\/\/www.obispado-mdp.org.ar\/a\/wp-json\/wp\/v2\/posts"}],"about":[{"href":"https:\/\/www.obispado-mdp.org.ar\/a\/wp-json\/wp\/v2\/types\/post"}],"author":[{"embeddable":true,"href":"https:\/\/www.obispado-mdp.org.ar\/a\/wp-json\/wp\/v2\/users\/3"}],"replies":[{"embeddable":true,"href":"https:\/\/www.obispado-mdp.org.ar\/a\/wp-json\/wp\/v2\/comments?post=41436"}],"version-history":[{"count":1,"href":"https:\/\/www.obispado-mdp.org.ar\/a\/wp-json\/wp\/v2\/posts\/41436\/revisions"}],"predecessor-version":[{"id":41437,"href":"https:\/\/www.obispado-mdp.org.ar\/a\/wp-json\/wp\/v2\/posts\/41436\/revisions\/41437"}],"wp:featuredmedia":[{"embeddable":true,"href":"https:\/\/www.obispado-mdp.org.ar\/a\/wp-json\/wp\/v2\/media\/31452"}],"wp:attachment":[{"href":"https:\/\/www.obispado-mdp.org.ar\/a\/wp-json\/wp\/v2\/media?parent=41436"}],"wp:term":[{"taxonomy":"category","embeddable":true,"href":"https:\/\/www.obispado-mdp.org.ar\/a\/wp-json\/wp\/v2\/categories?post=41436"},{"taxonomy":"post_tag","embeddable":true,"href":"https:\/\/www.obispado-mdp.org.ar\/a\/wp-json\/wp\/v2\/tags?post=41436"}],"curies":[{"name":"wp","href":"https:\/\/api.w.org\/{rel}","templated":true}]}}