{"id":41466,"date":"2023-09-02T09:44:14","date_gmt":"2023-09-02T12:44:14","guid":{"rendered":"https:\/\/www.obispado-mdp.org.ar\/a\/?p=41466"},"modified":"2023-09-02T09:54:24","modified_gmt":"2023-09-02T12:54:24","slug":"escuela-de-diaconado","status":"publish","type":"post","link":"https:\/\/www.obispado-mdp.org.ar\/a\/escuela-de-diaconado\/","title":{"rendered":"NUEVOS POSTULANTES A LA ESCUELA DE DIACONADO PERMANENTE."},"content":{"rendered":"\n<p class=\"has-pale-cyan-blue-background-color has-background\"><strong>En la parroquia San Carlos Borromeo se realiz\u00f3 la ceremonia de Admisi\u00f3n como candidatos a las Sagradas \u00d3rdenes de la Escuela de Diaconado Permanente.<\/strong><\/p>\n\n\n\n<p>La celebraci\u00f3n religiosa fue presidida por Mons Gabriel Mestre y fueron admitidos hoy:<br>Adri\u00e1n Aguirre, Jorge Barbis\u00e1n, Marcelo Elvira, Adri\u00e1n Rivero y Juan Tisera.<\/p>\n\n\n\n<p>El 4 de octubre ser\u00e1 admitido el postulante Alejandro Lute.<\/p>\n\n\n\n<p>En su homil\u00eda Mons Mestre, reflexionando sobre la par\u00e1bola del Evangelio, nos invita a estar todos disponibles con la luz del Se\u00f1or como aut\u00e9nticos misioneros en toda la di\u00f3cesis. \u00abTodos debemos ser la luz de Cristo, particularmente Uds.como postulantes que se incorporan a la escuela de Diaconado. Un gran paso hacia la luz de Cristo, con la prudencia evang\u00e9lica que reclama la lectura de hoy\u00bb<br>finaliz\u00f3 el obispo.<\/p>\n\n\n\n<p>Participaron de la Eucarist\u00eda el responsable de la Escuela de Diaconado Permanente, P Fernando Mendoza, el p\u00e1rroco P Silvano De Sarro y sacerdotes de otras parroquias.<\/p>\n\n\n\n<p>Por \u00faltimo el P Fernando agradeci\u00f3 a Mons Mestre su dedicaci\u00f3n y acompa\u00f1amiento como \u00abbuen pastor\u00bb en la escuela de Diaconado.<\/p>\n\n\n\n<figure class=\"wp-container-2 wp-block-gallery-1 wp-block-gallery has-nested-images columns-default is-cropped\">\n<figure class=\"wp-block-image size-large\"><img loading=\"lazy\" width=\"1024\" height=\"768\" data-id=\"41472\"  src=\"https:\/\/www.obispado-mdp.org.ar\/a\/wp-content\/uploads\/2023\/09\/IMG_20230901_184019-1024x768.jpg\" alt=\"\" class=\"wp-image-41472\"\/><\/figure>\n\n\n\n<figure class=\"wp-block-image size-large\"><img loading=\"lazy\" width=\"1024\" height=\"768\" data-id=\"41478\"  src=\"https:\/\/www.obispado-mdp.org.ar\/a\/wp-content\/uploads\/2023\/09\/IMG_20230901_184014-1024x768.jpg\" alt=\"\" class=\"wp-image-41478\"\/><\/figure>\n\n\n\n<figure class=\"wp-block-image size-large\"><img loading=\"lazy\" width=\"1024\" height=\"768\" data-id=\"41477\"  src=\"https:\/\/www.obispado-mdp.org.ar\/a\/wp-content\/uploads\/2023\/09\/IMG_20230901_184009-1024x768.jpg\" alt=\"\" class=\"wp-image-41477\"\/><\/figure>\n\n\n\n<figure class=\"wp-block-image size-large\"><img loading=\"lazy\" width=\"1024\" height=\"768\" data-id=\"41479\"  src=\"https:\/\/www.obispado-mdp.org.ar\/a\/wp-content\/uploads\/2023\/09\/IMG_20230901_184005-1024x768.jpg\" alt=\"\" class=\"wp-image-41479\"\/><\/figure>\n\n\n\n<figure class=\"wp-block-image size-large\"><img loading=\"lazy\" width=\"1024\" height=\"768\" data-id=\"41481\"  src=\"https:\/\/www.obispado-mdp.org.ar\/a\/wp-content\/uploads\/2023\/09\/IMG_20230901_184002-1024x768.jpg\" alt=\"\" class=\"wp-image-41481\"\/><\/figure>\n\n\n\n<figure class=\"wp-block-image size-large\"><img loading=\"lazy\" width=\"1024\" height=\"768\" data-id=\"41473\"  src=\"https:\/\/www.obispado-mdp.org.ar\/a\/wp-content\/uploads\/2023\/09\/IMG_20230901_182321-1024x768.jpg\" alt=\"\" class=\"wp-image-41473\"\/><\/figure>\n\n\n\n<figure class=\"wp-block-image size-large\"><img loading=\"lazy\" width=\"1024\" height=\"768\" data-id=\"41474\"  src=\"https:\/\/www.obispado-mdp.org.ar\/a\/wp-content\/uploads\/2023\/09\/IMG_20230901_182259-1024x768.jpg\" alt=\"\" class=\"wp-image-41474\"\/><\/figure>\n\n\n\n<figure class=\"wp-block-image size-large\"><img loading=\"lazy\" width=\"1024\" height=\"768\" data-id=\"41471\"  src=\"https:\/\/www.obispado-mdp.org.ar\/a\/wp-content\/uploads\/2023\/09\/IMG_20230901_181443-1024x768.jpg\" alt=\"\" class=\"wp-image-41471\"\/><\/figure>\n\n\n\n<figure class=\"wp-block-image size-large\"><img loading=\"lazy\" width=\"1024\" height=\"768\" data-id=\"41475\"  src=\"https:\/\/www.obispado-mdp.org.ar\/a\/wp-content\/uploads\/2023\/09\/IMG_20230901_181427-1024x768.jpg\" alt=\"\" class=\"wp-image-41475\"\/><\/figure>\n\n\n\n<figure class=\"wp-block-image size-large\"><img loading=\"lazy\" width=\"1024\" height=\"576\" data-id=\"41470\"  src=\"https:\/\/www.obispado-mdp.org.ar\/a\/wp-content\/uploads\/2023\/09\/IMG-20230901-WA0010-1-1024x576.jpg\" alt=\"\" class=\"wp-image-41470\"\/><\/figure>\n\n\n\n<figure class=\"wp-block-image size-large\"><img loading=\"lazy\" width=\"1024\" height=\"768\" data-id=\"41476\"  src=\"https:\/\/www.obispado-mdp.org.ar\/a\/wp-content\/uploads\/2023\/09\/IMG_20230901_180548-1024x768.jpg\" alt=\"\" class=\"wp-image-41476\"\/><\/figure>\n\n\n\n<figure class=\"wp-block-image size-large\"><img loading=\"lazy\" width=\"1024\" height=\"768\" data-id=\"41480\"  src=\"https:\/\/www.obispado-mdp.org.ar\/a\/wp-content\/uploads\/2023\/09\/IMG_20230901_180504-1024x768.jpg\" alt=\"\" class=\"wp-image-41480\"\/><\/figure>\n<\/figure>\n\n\n\n<figure class=\"wp-block-image size-large\"><img loading=\"lazy\" width=\"768\" height=\"1024\" src=\"https:\/\/www.obispado-mdp.org.ar\/a\/wp-content\/uploads\/2023\/09\/IMG_20230901_182505-768x1024.jpg\" alt=\"\" class=\"wp-image-41483\"\/><\/figure>\n","protected":false},"excerpt":{"rendered":"<p>En la parroquia San Carlos Borromeo se realiz\u00f3 la ceremonia de Admisi\u00f3n como candidatos a las Sagradas \u00d3rdenes de la Escuela de Diaconado Permanente. La celebraci\u00f3n religiosa fue presidida por Mons Gabriel Mestre y fueron admitidos hoy:Adri\u00e1n Aguirre, Jorge Barbis\u00e1n, Marcelo Elvira, Adri\u00e1n Rivero y Juan Tisera. El 4 de octubre ser\u00e1 admitido el postulante [&hellip;]<\/p>\n","protected":false},"author":4,"featured_media":41473,"comment_status":"open","ping_status":"open","sticky":false,"template":"","format":"standard","meta":{"_et_pb_use_builder":"","_et_pb_old_content":"","_et_gb_content_width":""},"categories":[4],"tags":[],"aioseo_notices":[],"_links":{"self":[{"href":"https:\/\/www.obispado-mdp.org.ar\/a\/wp-json\/wp\/v2\/posts\/41466"}],"collection":[{"href":"https:\/\/www.obispado-mdp.org.ar\/a\/wp-json\/wp\/v2\/posts"}],"about":[{"href":"https:\/\/www.obispado-mdp.org.ar\/a\/wp-json\/wp\/v2\/types\/post"}],"author":[{"embeddable":true,"href":"https:\/\/www.obispado-mdp.org.ar\/a\/wp-json\/wp\/v2\/users\/4"}],"replies":[{"embeddable":true,"href":"https:\/\/www.obispado-mdp.org.ar\/a\/wp-json\/wp\/v2\/comments?post=41466"}],"version-history":[{"count":3,"href":"https:\/\/www.obispado-mdp.org.ar\/a\/wp-json\/wp\/v2\/posts\/41466\/revisions"}],"predecessor-version":[{"id":41486,"href":"https:\/\/www.obispado-mdp.org.ar\/a\/wp-json\/wp\/v2\/posts\/41466\/revisions\/41486"}],"wp:featuredmedia":[{"embeddable":true,"href":"https:\/\/www.obispado-mdp.org.ar\/a\/wp-json\/wp\/v2\/media\/41473"}],"wp:attachment":[{"href":"https:\/\/www.obispado-mdp.org.ar\/a\/wp-json\/wp\/v2\/media?parent=41466"}],"wp:term":[{"taxonomy":"category","embeddable":true,"href":"https:\/\/www.obispado-mdp.org.ar\/a\/wp-json\/wp\/v2\/categories?post=41466"},{"taxonomy":"post_tag","embeddable":true,"href":"https:\/\/www.obispado-mdp.org.ar\/a\/wp-json\/wp\/v2\/tags?post=41466"}],"curies":[{"name":"wp","href":"https:\/\/api.w.org\/{rel}","templated":true}]}}