{"id":41506,"date":"2023-09-05T09:11:57","date_gmt":"2023-09-05T12:11:57","guid":{"rendered":"https:\/\/www.obispado-mdp.org.ar\/a\/?p=41506"},"modified":"2023-09-05T09:12:16","modified_gmt":"2023-09-05T12:12:16","slug":"ix-encuentro-nacional-de-sacerdotes","status":"publish","type":"post","link":"https:\/\/www.obispado-mdp.org.ar\/a\/ix-encuentro-nacional-de-sacerdotes\/","title":{"rendered":"IX ENCUENTRO NACIONAL DE SACERDOTES."},"content":{"rendered":"\n<p class=\"has-pale-cyan-blue-background-color has-background\">      <strong>Desde hoy y hasta el jueves m\u00e1s de 600 sacerdotes de todo el pa\u00eds se congregan en Villa Cura Brochero, en una jornada organizada por la Comisi\u00f3n Episcopal de Ministerios de la Conferencia Episcopal. Nutrida delegaci\u00f3n de Mar del Plata.<\/strong><\/p>\n\n\n\n<p>Veinticinco sacerdotes de la di\u00f3cesis, junto a Mons. Gabriel Mestre, participan de encuentro de sacerdotes organizado por la Comisi\u00f3n Episcopal de Ministerios (CEMIN) a <a><\/a>trav\u00e9s del Secretariado para la Formaci\u00f3n Permanente de los Presb\u00edteros, busca brindar a los pastores un espacio para compartir la oraci\u00f3n y la reflexi\u00f3n, y celebrar fraternalmente el don del ministerio sacerdotal.<\/p>\n\n\n\n<p>El lema de este a\u00f1o, \u201cLlevamos un tesoro en vasijas de barro\u201d (2 Cor. 4,7), expresa la tem\u00e1tica que se abordar\u00e1: la experiencia de vulnerablidad del pastor, la esperanza teologal y la sinodalidad, como respuestas saludables en el ejercicio del ministerio.<\/p>\n\n\n\n<p>Las propuestas para la reflexi\u00f3n estar\u00e1n a cargo del presb\u00edtero <strong>Jos\u00e9 Mar\u00eda Vallarino<\/strong> y de los obispos monse\u00f1or <strong>Dami\u00e1n Nannini<\/strong>, monse\u00f1or <strong>Gabriel Mestre y monse\u00f1or Gustavo Carrara.<\/strong><\/p>\n\n\n\n<p>Adem\u00e1s, compartir\u00e1n su testimonio tres sacerdotes que ejercen su ministerio en distintas periferias: el presb\u00edtero Diego Canale (Neuqu\u00e9n), el presb\u00edtero Carlos Juncos (R\u00edo IV) y el presb\u00edtero Roberto Ju\u00e1rez (Mendoza).<\/p>\n\n\n\n<p>Estos encuentros, que tuvieron inicio con la \u201cJornada Nacional de Sacerdotes\u201d que se realiz\u00f3 en agosto de 1994, son una gracia que ha germinado a la sombra de la figura sacerdotal del Santo Cura Brochero.<\/p>\n\n\n\n<figure class=\"wp-container-2 wp-block-gallery-1 wp-block-gallery has-nested-images columns-default is-cropped\">\n<figure class=\"wp-block-image size-large\"><img loading=\"lazy\" width=\"1024\" height=\"576\" data-id=\"41508\"  src=\"https:\/\/www.obispado-mdp.org.ar\/a\/wp-content\/uploads\/2023\/09\/3ae8be2c-8fca-42dd-8143-66a5b6568c54-1024x576.jpg\" alt=\"\" class=\"wp-image-41508\"\/><\/figure>\n\n\n\n<figure class=\"wp-block-image size-large\"><img loading=\"lazy\" width=\"1024\" height=\"576\" data-id=\"41507\"  src=\"https:\/\/www.obispado-mdp.org.ar\/a\/wp-content\/uploads\/2023\/09\/156252e3-7295-44ac-8c4d-064fd1fb5ae1-1024x576.jpg\" alt=\"\" class=\"wp-image-41507\"\/><\/figure>\n\n\n\n<figure class=\"wp-block-image size-large\"><img loading=\"lazy\" width=\"1024\" height=\"576\" data-id=\"41512\"  src=\"https:\/\/www.obispado-mdp.org.ar\/a\/wp-content\/uploads\/2023\/09\/71ff9dd4-f2ff-4b52-8d38-88f51f66020b-1024x576.jpg\" alt=\"\" class=\"wp-image-41512\"\/><\/figure>\n\n\n\n<figure class=\"wp-block-image size-large\"><img loading=\"lazy\" width=\"1024\" height=\"436\" data-id=\"41509\"  src=\"https:\/\/www.obispado-mdp.org.ar\/a\/wp-content\/uploads\/2023\/09\/rrr-1024x436.jpg\" alt=\"\" class=\"wp-image-41509\"\/><\/figure>\n<\/figure>\n\n\n\n<hr class=\"wp-block-separator has-alpha-channel-opacity\"\/>\n\n\n\n<figure class=\"wp-container-4 wp-block-gallery-3 wp-block-gallery has-nested-images columns-default is-cropped\">\n<figure class=\"wp-block-image size-large\"><img loading=\"lazy\" width=\"461\" height=\"1024\" data-id=\"41511\"  src=\"https:\/\/www.obispado-mdp.org.ar\/a\/wp-content\/uploads\/2023\/09\/2daec14f-e766-47f2-ab97-6e1af2a5bbd4-461x1024.jpg\" alt=\"\" class=\"wp-image-41511\"\/><\/figure>\n\n\n\n<figure class=\"wp-block-image size-large\"><img loading=\"lazy\" width=\"768\" height=\"1024\" data-id=\"41510\"  src=\"https:\/\/www.obispado-mdp.org.ar\/a\/wp-content\/uploads\/2023\/09\/b33c525c-644a-4410-88cd-8970a1732224-768x1024.jpg\" alt=\"\" class=\"wp-image-41510\"\/><\/figure>\n<\/figure>\n","protected":false},"excerpt":{"rendered":"<p>Desde hoy y hasta el jueves m\u00e1s de 600 sacerdotes de todo el pa\u00eds se congregan en Villa Cura Brochero, en una jornada organizada por la Comisi\u00f3n Episcopal de Ministerios de la Conferencia Episcopal. Nutrida delegaci\u00f3n de Mar del Plata. Veinticinco sacerdotes de la di\u00f3cesis, junto a Mons. Gabriel Mestre, participan de encuentro de sacerdotes [&hellip;]<\/p>\n","protected":false},"author":4,"featured_media":41513,"comment_status":"open","ping_status":"open","sticky":false,"template":"","format":"standard","meta":{"_et_pb_use_builder":"","_et_pb_old_content":"","_et_gb_content_width":""},"categories":[3,4],"tags":[],"aioseo_notices":[],"_links":{"self":[{"href":"https:\/\/www.obispado-mdp.org.ar\/a\/wp-json\/wp\/v2\/posts\/41506"}],"collection":[{"href":"https:\/\/www.obispado-mdp.org.ar\/a\/wp-json\/wp\/v2\/posts"}],"about":[{"href":"https:\/\/www.obispado-mdp.org.ar\/a\/wp-json\/wp\/v2\/types\/post"}],"author":[{"embeddable":true,"href":"https:\/\/www.obispado-mdp.org.ar\/a\/wp-json\/wp\/v2\/users\/4"}],"replies":[{"embeddable":true,"href":"https:\/\/www.obispado-mdp.org.ar\/a\/wp-json\/wp\/v2\/comments?post=41506"}],"version-history":[{"count":1,"href":"https:\/\/www.obispado-mdp.org.ar\/a\/wp-json\/wp\/v2\/posts\/41506\/revisions"}],"predecessor-version":[{"id":41514,"href":"https:\/\/www.obispado-mdp.org.ar\/a\/wp-json\/wp\/v2\/posts\/41506\/revisions\/41514"}],"wp:featuredmedia":[{"embeddable":true,"href":"https:\/\/www.obispado-mdp.org.ar\/a\/wp-json\/wp\/v2\/media\/41513"}],"wp:attachment":[{"href":"https:\/\/www.obispado-mdp.org.ar\/a\/wp-json\/wp\/v2\/media?parent=41506"}],"wp:term":[{"taxonomy":"category","embeddable":true,"href":"https:\/\/www.obispado-mdp.org.ar\/a\/wp-json\/wp\/v2\/categories?post=41506"},{"taxonomy":"post_tag","embeddable":true,"href":"https:\/\/www.obispado-mdp.org.ar\/a\/wp-json\/wp\/v2\/tags?post=41506"}],"curies":[{"name":"wp","href":"https:\/\/api.w.org\/{rel}","templated":true}]}}