{"id":41531,"date":"2023-09-07T10:48:09","date_gmt":"2023-09-07T13:48:09","guid":{"rendered":"https:\/\/www.obispado-mdp.org.ar\/a\/?p=41531"},"modified":"2023-09-07T11:02:39","modified_gmt":"2023-09-07T14:02:39","slug":"transmisiones-de-la-misa-de-agradecimiento-y-despedida-de-mons-gabriel-mestre","status":"publish","type":"post","link":"https:\/\/www.obispado-mdp.org.ar\/a\/transmisiones-de-la-misa-de-agradecimiento-y-despedida-de-mons-gabriel-mestre\/","title":{"rendered":"TRANSMISIONES DE LA MISA DE AGRADECIMIENTO Y DESPEDIDA DE MONS GABRIEL MESTRE."},"content":{"rendered":"\n<p class=\"has-pale-cyan-blue-background-color has-background\"><strong>Este s\u00e1bado se realizar\u00e1 la Misa de despedida de Mons. Mestre desde la Iglesia Catedral.<\/strong><\/p>\n\n\n\n<p>14:00 Hs. Recepci\u00f3n y presentaci\u00f3n de la Banda Militar del GADA 601<br>14:45 Hs. Animaci\u00f3n del recorrido por el Ministerio Pastoral de Mons Mestre<br>16:00 Hs. Santa Misa<\/p>\n\n\n\n<p><strong>TRANSMISI\u00d3N ON LINE POR FACEBOOK y YOUTUBE <\/strong>\u2013 Este s\u00e1bado 9 de setiembre a las 16hs.<\/p>\n\n\n\n<p><strong>TRANSMISI\u00d3N MISA X TV, EN CANAL 8<\/strong> &#8211; Domingo 10 de setiembre a las 10,30hs.<\/p>\n\n\n\n<figure class=\"wp-block-image size-large\"><img loading=\"lazy\" width=\"1024\" height=\"1024\" src=\"https:\/\/www.obispado-mdp.org.ar\/a\/wp-content\/uploads\/2023\/09\/TRANSMISIONES2-1-1024x1024.jpg\" alt=\"\" class=\"wp-image-41535\"\/><\/figure>\n","protected":false},"excerpt":{"rendered":"<p>Este s\u00e1bado se realizar\u00e1 la Misa de despedida de Mons. Mestre desde la Iglesia Catedral. 14:00 Hs. Recepci\u00f3n y presentaci\u00f3n de la Banda Militar del GADA 60114:45 Hs. Animaci\u00f3n del recorrido por el Ministerio Pastoral de Mons Mestre16:00 Hs. Santa Misa TRANSMISI\u00d3N ON LINE POR FACEBOOK y YOUTUBE \u2013 Este s\u00e1bado 9 de setiembre a [&hellip;]<\/p>\n","protected":false},"author":4,"featured_media":41532,"comment_status":"open","ping_status":"open","sticky":false,"template":"","format":"standard","meta":{"_et_pb_use_builder":"","_et_pb_old_content":"","_et_gb_content_width":""},"categories":[4],"tags":[],"aioseo_notices":[],"_links":{"self":[{"href":"https:\/\/www.obispado-mdp.org.ar\/a\/wp-json\/wp\/v2\/posts\/41531"}],"collection":[{"href":"https:\/\/www.obispado-mdp.org.ar\/a\/wp-json\/wp\/v2\/posts"}],"about":[{"href":"https:\/\/www.obispado-mdp.org.ar\/a\/wp-json\/wp\/v2\/types\/post"}],"author":[{"embeddable":true,"href":"https:\/\/www.obispado-mdp.org.ar\/a\/wp-json\/wp\/v2\/users\/4"}],"replies":[{"embeddable":true,"href":"https:\/\/www.obispado-mdp.org.ar\/a\/wp-json\/wp\/v2\/comments?post=41531"}],"version-history":[{"count":5,"href":"https:\/\/www.obispado-mdp.org.ar\/a\/wp-json\/wp\/v2\/posts\/41531\/revisions"}],"predecessor-version":[{"id":41538,"href":"https:\/\/www.obispado-mdp.org.ar\/a\/wp-json\/wp\/v2\/posts\/41531\/revisions\/41538"}],"wp:featuredmedia":[{"embeddable":true,"href":"https:\/\/www.obispado-mdp.org.ar\/a\/wp-json\/wp\/v2\/media\/41532"}],"wp:attachment":[{"href":"https:\/\/www.obispado-mdp.org.ar\/a\/wp-json\/wp\/v2\/media?parent=41531"}],"wp:term":[{"taxonomy":"category","embeddable":true,"href":"https:\/\/www.obispado-mdp.org.ar\/a\/wp-json\/wp\/v2\/categories?post=41531"},{"taxonomy":"post_tag","embeddable":true,"href":"https:\/\/www.obispado-mdp.org.ar\/a\/wp-json\/wp\/v2\/tags?post=41531"}],"curies":[{"name":"wp","href":"https:\/\/api.w.org\/{rel}","templated":true}]}}