{"id":41542,"date":"2023-09-09T18:09:53","date_gmt":"2023-09-09T21:09:53","guid":{"rendered":"https:\/\/www.obispado-mdp.org.ar\/a\/?p=41542"},"modified":"2023-09-09T18:14:09","modified_gmt":"2023-09-09T21:14:09","slug":"padre-obispo-gabriel","status":"publish","type":"post","link":"https:\/\/www.obispado-mdp.org.ar\/a\/padre-obispo-gabriel\/","title":{"rendered":"EMOTIVA CELEBRACI\u00d3N COMUNITARIA PARA AGRADECER EL MINISTERIO DEL PADRE OBISPO GABRIEL."},"content":{"rendered":"\n<p class=\"has-pale-cyan-blue-background-color has-background\"><strong>La comunidad diocesana de Mar del Plata particip\u00f3 con gran emoci\u00f3n de la ceremonia y Misa donde se despidi\u00f3 a Mons.\u00a0Gabriel Mestre\u00a0quien, tras seis a\u00f1os en la di\u00f3cesis, fue designado Arzobispo de La Plata.<\/strong><\/p>\n\n\n\n<p>En un pasaje de su homil\u00eda Mestre expres\u00f3 \u201c<strong>La despedida que hoy compartimos, y las diversas que tuve a lo largo de este mes y medio, me han dejado al l\u00edmite de mi afectividad. La intensidad de mis emociones y el latir de mi coraz\u00f3n han sido muy fuertes en este tiempo\u201d.<\/strong><\/p>\n\n\n\n<p>La fiesta comenz\u00f3 a las 14 en las escalinatas de la catedral bas\u00edlica de los Santos Pedro y Cecilia, al son de diferentes temas musicales interpretados por la banda del Ej\u00e9rcito. El acto empez\u00f3 a las 15hs dentro del templo donde con im\u00e1genes y testimonios se recordaron algunos aspectos el ministerio pastoral de Mons. Mestre.<\/p>\n\n\n\n<p>Una hora despu\u00e9s, monse\u00f1or Mestre presidi\u00f3 la misa concelebrada por los sacerdotes del clero diocesano, como agradecimiento y despedida.<\/p>\n\n\n\n<p>Al t\u00e9rmino de la celebraci\u00f3n religiosa, prolongando la acci\u00f3n de gracias de la Santa Misa, 5 hermanas y hermanos, en nombre de toda la familia diocesana dirigieron unas palabras. Fueron Gabriela Tumini, \u00c1ngela Bovier, Johnatan Aguirre, el Di\u00e1cono Pedro Alderete y el Padre Ezequiel Kseim.<\/p>\n\n\n\n<p>Por ultimo un grupo de j\u00f3venes de algunos de los diferentes espacios juveniles entregaron un presente al obispo, una cruz pectoral, la que lleva el obispo como insignia episcopal en su pecho.<\/p>\n\n\n\n<p>Participaron de la ceremonia junto a los familiares y amigos del obispo, sacerdotes de la di\u00f3cesis y el obispo auxiliar de Buenos Aires, Joaqu\u00edn Mariano Sucunza representantes de otras confesiones y organismos eclesiales. Asisti\u00f3 el Intendente Municipal del Partido de Gral. Pueyrred\u00f3n, Guillermo Montenegro, el Intendente del Partido de Lober\u00eda, Juan Jose Fioramonti, el Intendente del Partido de Villa Gesell, Gustavo Barrera, el&nbsp; Intendente Interino y Presidente del HCD de Gral. Madariaga, Dr. Marcos Jovanovic y representantes de los municipios vecinos.&nbsp; Tambi\u00e9n estaban presentes autoridades de las fuerzas armadas y se seguridad. La Directora ANSES, Fernanda Raverta y concejales de todas las fuerzas pol\u00edticas de la ciudad, representantes de las organizaciones sociales, empresariales y de trabajadores.<\/p>\n\n\n\n<p>Finaliz\u00f3 su homil\u00eda diciendo: <strong>\u201cLos voy a extra\u00f1ar mucho porque en estos seis a\u00f1os busqu\u00e9 siempre que <em>mi tiempo<\/em> sea el <em>tiempo de ustedes<\/em>. Jam\u00e1s escatim\u00e9 un minuto de mi vida para <em>alguien<\/em> o <em>algo<\/em> de la Di\u00f3cesis. Mi tiempo ha sido siempre para <em>cada grupo<\/em>, para <em>cada comunidad<\/em>, para <em>cada servicio\u201d<\/em><\/strong><\/p>\n\n\n\n<p><strong>Homil\u00eda<\/strong><\/p>\n\n\n\n<p>Visiblemente emocionado, Mons. Mestre en su homil\u00eda hizo un repaso de su tarea apost\u00f3lica y su magisterio y se detuvo especialmente agradeciendo \u201cestos seis a\u00f1os de ministerio pastoral que nos permiti\u00f3 vivir juntos a lo largo y lo ancho de todo el territorio diocesano\u201d<\/p>\n\n\n\n<p>En este contexto, y a la luz de los textos b\u00edblicos del d\u00eda escuchado, propuso tres puntos para meditar sintetizados en tres palabras: GRACIAS, DESARRAIGO, EQUIPO.<\/p>\n\n\n\n<ol type=\"1\"><li><strong>Acci\u00f3n de GRACIAS<\/strong><\/li><li><strong>La din\u00e1mica del DESARRAIGO<\/strong><\/li><li><strong>Trabajo en EQUIPO<\/strong><\/li><\/ol>\n\n\n\n<p class=\"has-medium-font-size\"><a href=\"https:\/\/www.obispado-mdp.org.ar\/a\/wp-content\/uploads\/2023\/09\/MESTRE-Homilia-despedida-Diocesis-Mar-del-Plata-090923.pdf\"><strong>Una lectura completa de la homil\u00eda se puede hacer <\/strong>desde aqui!<\/a><\/p>\n\n\n\n<figure class=\"wp-container-2 wp-block-gallery-1 wp-block-gallery has-nested-images columns-default is-cropped\">\n<figure class=\"wp-block-image size-large\"><img loading=\"lazy\" width=\"1024\" height=\"768\" data-id=\"41547\"  src=\"https:\/\/www.obispado-mdp.org.ar\/a\/wp-content\/uploads\/2023\/09\/2ac1de2d-e97f-4dee-a825-6d98ce5689b1-1024x768.jpg\" alt=\"\" class=\"wp-image-41547\"\/><\/figure>\n\n\n\n<figure class=\"wp-block-image size-large\"><img loading=\"lazy\" width=\"1024\" height=\"768\" data-id=\"41549\"  src=\"https:\/\/www.obispado-mdp.org.ar\/a\/wp-content\/uploads\/2023\/09\/2d95d704-eaee-4a7f-9bf5-5e9cfbc8d020-1024x768.jpg\" alt=\"\" class=\"wp-image-41549\"\/><\/figure>\n\n\n\n<figure class=\"wp-block-image size-large\"><img loading=\"lazy\" width=\"1024\" height=\"768\" data-id=\"41548\"  src=\"https:\/\/www.obispado-mdp.org.ar\/a\/wp-content\/uploads\/2023\/09\/6ef267fd-3e07-4628-a1e4-ade7cfa91e1b-1024x768.jpg\" alt=\"\" class=\"wp-image-41548\"\/><\/figure>\n\n\n\n<figure class=\"wp-block-image size-full\"><img loading=\"lazy\" width=\"611\" height=\"370\" data-id=\"41553\"  src=\"https:\/\/www.obispado-mdp.org.ar\/a\/wp-content\/uploads\/2023\/09\/f651c32b-cef0-4e81-8cce-ed13dc19a944.jpg\" alt=\"\" class=\"wp-image-41553\"\/><\/figure>\n\n\n\n<figure class=\"wp-block-image size-large\"><img loading=\"lazy\" width=\"1024\" height=\"713\" data-id=\"41543\"  src=\"https:\/\/www.obispado-mdp.org.ar\/a\/wp-content\/uploads\/2023\/09\/45bf4919-6a44-4a31-8e6d-23f0f1fd367e-1024x713.jpg\" alt=\"\" class=\"wp-image-41543\"\/><\/figure>\n\n\n\n<figure class=\"wp-block-image size-large\"><img loading=\"lazy\" width=\"1024\" height=\"768\" data-id=\"41554\"  src=\"https:\/\/www.obispado-mdp.org.ar\/a\/wp-content\/uploads\/2023\/09\/9cc63c7f-96e7-47c2-8c71-3981bfb6bbd9-1024x768.jpg\" alt=\"\" class=\"wp-image-41554\"\/><\/figure>\n\n\n\n<figure class=\"wp-block-image size-large\"><img loading=\"lazy\" width=\"1024\" height=\"768\" data-id=\"41544\"  src=\"https:\/\/www.obispado-mdp.org.ar\/a\/wp-content\/uploads\/2023\/09\/82561a6c-0e3e-443e-ab88-45f810c2a5b9-1024x768.jpg\" alt=\"\" class=\"wp-image-41544\"\/><\/figure>\n\n\n\n<figure class=\"wp-block-image size-large\"><img loading=\"lazy\" width=\"1024\" height=\"768\" data-id=\"41545\"  src=\"https:\/\/www.obispado-mdp.org.ar\/a\/wp-content\/uploads\/2023\/09\/33713795-e106-4f9a-b8c2-2bec0de4dac6-1024x768.jpg\" alt=\"\" class=\"wp-image-41545\"\/><\/figure>\n\n\n\n<figure class=\"wp-block-image size-large\"><img loading=\"lazy\" width=\"1024\" height=\"768\" data-id=\"41551\"  src=\"https:\/\/www.obispado-mdp.org.ar\/a\/wp-content\/uploads\/2023\/09\/dfe4a21c-7f9a-470c-ae94-0fbbefdb2264-1024x768.jpg\" alt=\"\" class=\"wp-image-41551\"\/><\/figure>\n\n\n\n<figure class=\"wp-block-image size-large\"><img loading=\"lazy\" width=\"768\" height=\"1024\" data-id=\"41546\"  src=\"https:\/\/www.obispado-mdp.org.ar\/a\/wp-content\/uploads\/2023\/09\/e77f5ba1-293b-4c0f-b5a5-b45a0c17e8fe-768x1024.jpg\" alt=\"\" class=\"wp-image-41546\"\/><\/figure>\n<\/figure>\n","protected":false},"excerpt":{"rendered":"<p>La comunidad diocesana de Mar del Plata particip\u00f3 con gran emoci\u00f3n de la ceremonia y Misa donde se despidi\u00f3 a Mons.\u00a0Gabriel Mestre\u00a0quien, tras seis a\u00f1os en la di\u00f3cesis, fue designado Arzobispo de La Plata. En un pasaje de su homil\u00eda Mestre expres\u00f3 \u201cLa despedida que hoy compartimos, y las diversas que tuve a lo largo [&hellip;]<\/p>\n","protected":false},"author":4,"featured_media":41553,"comment_status":"open","ping_status":"open","sticky":false,"template":"","format":"standard","meta":{"_et_pb_use_builder":"","_et_pb_old_content":"","_et_gb_content_width":""},"categories":[4],"tags":[],"aioseo_notices":[],"_links":{"self":[{"href":"https:\/\/www.obispado-mdp.org.ar\/a\/wp-json\/wp\/v2\/posts\/41542"}],"collection":[{"href":"https:\/\/www.obispado-mdp.org.ar\/a\/wp-json\/wp\/v2\/posts"}],"about":[{"href":"https:\/\/www.obispado-mdp.org.ar\/a\/wp-json\/wp\/v2\/types\/post"}],"author":[{"embeddable":true,"href":"https:\/\/www.obispado-mdp.org.ar\/a\/wp-json\/wp\/v2\/users\/4"}],"replies":[{"embeddable":true,"href":"https:\/\/www.obispado-mdp.org.ar\/a\/wp-json\/wp\/v2\/comments?post=41542"}],"version-history":[{"count":2,"href":"https:\/\/www.obispado-mdp.org.ar\/a\/wp-json\/wp\/v2\/posts\/41542\/revisions"}],"predecessor-version":[{"id":42481,"href":"https:\/\/www.obispado-mdp.org.ar\/a\/wp-json\/wp\/v2\/posts\/41542\/revisions\/42481"}],"wp:featuredmedia":[{"embeddable":true,"href":"https:\/\/www.obispado-mdp.org.ar\/a\/wp-json\/wp\/v2\/media\/41553"}],"wp:attachment":[{"href":"https:\/\/www.obispado-mdp.org.ar\/a\/wp-json\/wp\/v2\/media?parent=41542"}],"wp:term":[{"taxonomy":"category","embeddable":true,"href":"https:\/\/www.obispado-mdp.org.ar\/a\/wp-json\/wp\/v2\/categories?post=41542"},{"taxonomy":"post_tag","embeddable":true,"href":"https:\/\/www.obispado-mdp.org.ar\/a\/wp-json\/wp\/v2\/tags?post=41542"}],"curies":[{"name":"wp","href":"https:\/\/api.w.org\/{rel}","templated":true}]}}