{"id":41556,"date":"2023-09-11T09:06:44","date_gmt":"2023-09-11T12:06:44","guid":{"rendered":"https:\/\/www.obispado-mdp.org.ar\/a\/?p=41556"},"modified":"2023-09-11T09:26:46","modified_gmt":"2023-09-11T12:26:46","slug":"inicio-pastoral-mestre-en-lp","status":"publish","type":"post","link":"https:\/\/www.obispado-mdp.org.ar\/a\/inicio-pastoral-mestre-en-lp\/","title":{"rendered":"CEREMONIA y MISA DE INICIO PASTORAL DE MONS. GABRIEL MESTRE EN LA PLATA"},"content":{"rendered":"\n<p class=\"has-pale-cyan-blue-background-color has-background\"><strong>Este s\u00e1bado 16 de setiembre a las 16 hs. Mestre asumir\u00e1 como Arzobispo de La Plata en una ceremonia en la Iglesia Catedral de esa ciudad.<\/strong><\/p>\n\n\n\n<p>El Santo Padre Francisco design\u00f3 arzobispo de la arquidi\u00f3cesis de La Plata a monse\u00f1or&nbsp;<a href=\"https:\/\/aica.org\/obispo-mestre-gabriel-antonio\" target=\"_blank\" rel=\"noreferrer noopener\">Gabriel Antonio Mestre<\/a>, de 54 a\u00f1os, actualmente obispo de Mar del Plata. El nombramiento fue dado a conocer el 28 de julio, en forma simult\u00e1nea en Roma y en Buenos Aires. En Argentina lo hizo el nuncio apost\u00f3lico, monse\u00f1or&nbsp;<a href=\"https:\/\/aica.org\/obispo-adamczyk-miroslaw\" target=\"_blank\" rel=\"noreferrer noopener\">Miroslaw Adamczyk<\/a>, a trav\u00e9s de la agencia AICA.<\/p>\n\n\n\n<p>Mestre ya se despidi\u00f3 de la di\u00f3cesis de Mar del Plata en una emotiva ceremonia en la Iglesia Catedral en medio de los canticos y aplausos de los fieles que le expresaron su cari\u00f1o y agradecimiento por sus 6 a\u00f1os de pastoreo.<\/p>\n\n\n\n<p>El Consejo Presbiteral de la arquidi\u00f3cesis de La Plata comparti\u00f3 una carta en nombre de todo el clero local, por medio de la cual le dio la bienvenida al nuevo arzobispo, monse\u00f1or&nbsp;<a href=\"https:\/\/aica.org\/obispo-mestre-gabriel-antonio\" target=\"_blank\" rel=\"noreferrer noopener\"><strong>Gabriel Mestre<\/strong><\/a>, y en la que los sacerdotes manifestaron al prelado sus deseos: \u201cRenovar la comuni\u00f3n con la Iglesia y nuestra obediencia y disponibilidad, para seguir caminando como colaboradores de tu ministerio episcopal\u201d<\/p>\n\n\n\n<p class=\"has-vivid-red-color has-text-color\"><strong>TRANSMISI\u00d3N EN VIVO y DE MANERA SIMULT\u00c1NEA POR LOS CANALES DE FACEBOOK, YOUTUBE ARZOBISPADO DE LA PLATA Y DEL OBISPADO DE MAR DEL PLATA.<\/strong><\/p>\n\n\n\n<figure class=\"wp-block-image size-large\"><img loading=\"lazy\" width=\"819\" height=\"1024\" src=\"https:\/\/www.obispado-mdp.org.ar\/a\/wp-content\/uploads\/2023\/09\/mestre-en-LA-PLATA-819x1024.jpg\" alt=\"\" class=\"wp-image-41557\"\/><\/figure>\n","protected":false},"excerpt":{"rendered":"<p>Este s\u00e1bado 16 de setiembre a las 16 hs. Mestre asumir\u00e1 como Arzobispo de La Plata en una ceremonia en la Iglesia Catedral de esa ciudad. El Santo Padre Francisco design\u00f3 arzobispo de la arquidi\u00f3cesis de La Plata a monse\u00f1or&nbsp;Gabriel Antonio Mestre, de 54 a\u00f1os, actualmente obispo de Mar del Plata. El nombramiento fue dado [&hellip;]<\/p>\n","protected":false},"author":4,"featured_media":41558,"comment_status":"open","ping_status":"open","sticky":false,"template":"","format":"standard","meta":{"_et_pb_use_builder":"","_et_pb_old_content":"","_et_gb_content_width":""},"categories":[4],"tags":[],"aioseo_notices":[],"_links":{"self":[{"href":"https:\/\/www.obispado-mdp.org.ar\/a\/wp-json\/wp\/v2\/posts\/41556"}],"collection":[{"href":"https:\/\/www.obispado-mdp.org.ar\/a\/wp-json\/wp\/v2\/posts"}],"about":[{"href":"https:\/\/www.obispado-mdp.org.ar\/a\/wp-json\/wp\/v2\/types\/post"}],"author":[{"embeddable":true,"href":"https:\/\/www.obispado-mdp.org.ar\/a\/wp-json\/wp\/v2\/users\/4"}],"replies":[{"embeddable":true,"href":"https:\/\/www.obispado-mdp.org.ar\/a\/wp-json\/wp\/v2\/comments?post=41556"}],"version-history":[{"count":1,"href":"https:\/\/www.obispado-mdp.org.ar\/a\/wp-json\/wp\/v2\/posts\/41556\/revisions"}],"predecessor-version":[{"id":41559,"href":"https:\/\/www.obispado-mdp.org.ar\/a\/wp-json\/wp\/v2\/posts\/41556\/revisions\/41559"}],"wp:featuredmedia":[{"embeddable":true,"href":"https:\/\/www.obispado-mdp.org.ar\/a\/wp-json\/wp\/v2\/media\/41558"}],"wp:attachment":[{"href":"https:\/\/www.obispado-mdp.org.ar\/a\/wp-json\/wp\/v2\/media?parent=41556"}],"wp:term":[{"taxonomy":"category","embeddable":true,"href":"https:\/\/www.obispado-mdp.org.ar\/a\/wp-json\/wp\/v2\/categories?post=41556"},{"taxonomy":"post_tag","embeddable":true,"href":"https:\/\/www.obispado-mdp.org.ar\/a\/wp-json\/wp\/v2\/tags?post=41556"}],"curies":[{"name":"wp","href":"https:\/\/api.w.org\/{rel}","templated":true}]}}