{"id":41560,"date":"2023-09-11T12:32:56","date_gmt":"2023-09-11T15:32:56","guid":{"rendered":"https:\/\/www.obispado-mdp.org.ar\/a\/?p=41560"},"modified":"2023-09-11T12:59:22","modified_gmt":"2023-09-11T15:59:22","slug":"comunicacion-del-obispado","status":"publish","type":"post","link":"https:\/\/www.obispado-mdp.org.ar\/a\/comunicacion-del-obispado\/","title":{"rendered":"COMUNICACION DEL OBISPADO."},"content":{"rendered":"\n<p class=\"has-pale-cyan-blue-background-color has-background\"><strong>El obispado informa sobre el proceso de gobierno de la di\u00f3cesis en espera del nuevo Obispo<\/strong>.<\/p>\n\n\n\n<p>Con gran alegr\u00eda hemos celebrado la acci\u00f3n de gracias por el ministerio del padre obispo Gabriel en la di\u00f3cesis de Mar del Plata durante estos 6 a\u00f1os. \u00c9l ya se encuentra en La Plata instal\u00e1ndose para dar inicio a su ministerio episcopal el pr\u00f3ximo s\u00e1bado 16 de septiembre a las 16 hs en la Catedral platense. A partir de ese momento, la di\u00f3cesis de Mar del Plata quedar\u00e1 en \u201cestado vacante\u201d, es decir, a la espera de la toma de posesi\u00f3n del nuevo obispo, que el Papa Francisco nombrar\u00e1.<\/p>\n\n\n\n<p>Durante este lapso de tiempo intermedio, el gobierno de la di\u00f3cesis estar\u00e1 a cargo del Colegio de Consultores, conformado por nueve sacerdotes; quienes deber\u00e1n elegir, a la brevedad, un Administrador diocesano. Su funci\u00f3n consistir\u00e1 en coordinar interinamente la conducci\u00f3n pastoral de la di\u00f3cesis, hasta la llegada del nuevo obispo.<\/p>\n\n\n\n<p>Mar del Plata, 11 de setiembre de 2023<\/p>\n\n\n\n<figure class=\"wp-block-image size-full\"><img loading=\"lazy\" width=\"809\" height=\"599\" src=\"https:\/\/www.obispado-mdp.org.ar\/a\/wp-content\/uploads\/2023\/09\/gobierno-diocesis.jpg\" alt=\"\" class=\"wp-image-41561\"\/><\/figure>\n","protected":false},"excerpt":{"rendered":"<p>El obispado informa sobre el proceso de gobierno de la di\u00f3cesis en espera del nuevo Obispo. Con gran alegr\u00eda hemos celebrado la acci\u00f3n de gracias por el ministerio del padre obispo Gabriel en la di\u00f3cesis de Mar del Plata durante estos 6 a\u00f1os. \u00c9l ya se encuentra en La Plata instal\u00e1ndose para dar inicio a [&hellip;]<\/p>\n","protected":false},"author":4,"featured_media":0,"comment_status":"open","ping_status":"open","sticky":false,"template":"","format":"standard","meta":{"_et_pb_use_builder":"","_et_pb_old_content":"","_et_gb_content_width":""},"categories":[4],"tags":[],"aioseo_notices":[],"_links":{"self":[{"href":"https:\/\/www.obispado-mdp.org.ar\/a\/wp-json\/wp\/v2\/posts\/41560"}],"collection":[{"href":"https:\/\/www.obispado-mdp.org.ar\/a\/wp-json\/wp\/v2\/posts"}],"about":[{"href":"https:\/\/www.obispado-mdp.org.ar\/a\/wp-json\/wp\/v2\/types\/post"}],"author":[{"embeddable":true,"href":"https:\/\/www.obispado-mdp.org.ar\/a\/wp-json\/wp\/v2\/users\/4"}],"replies":[{"embeddable":true,"href":"https:\/\/www.obispado-mdp.org.ar\/a\/wp-json\/wp\/v2\/comments?post=41560"}],"version-history":[{"count":2,"href":"https:\/\/www.obispado-mdp.org.ar\/a\/wp-json\/wp\/v2\/posts\/41560\/revisions"}],"predecessor-version":[{"id":41563,"href":"https:\/\/www.obispado-mdp.org.ar\/a\/wp-json\/wp\/v2\/posts\/41560\/revisions\/41563"}],"wp:attachment":[{"href":"https:\/\/www.obispado-mdp.org.ar\/a\/wp-json\/wp\/v2\/media?parent=41560"}],"wp:term":[{"taxonomy":"category","embeddable":true,"href":"https:\/\/www.obispado-mdp.org.ar\/a\/wp-json\/wp\/v2\/categories?post=41560"},{"taxonomy":"post_tag","embeddable":true,"href":"https:\/\/www.obispado-mdp.org.ar\/a\/wp-json\/wp\/v2\/tags?post=41560"}],"curies":[{"name":"wp","href":"https:\/\/api.w.org\/{rel}","templated":true}]}}