{"id":41564,"date":"2023-09-14T09:08:24","date_gmt":"2023-09-14T12:08:24","guid":{"rendered":"https:\/\/www.obispado-mdp.org.ar\/a\/?p=41564"},"modified":"2023-09-15T10:14:13","modified_gmt":"2023-09-15T13:14:13","slug":"fiesta","status":"publish","type":"post","link":"https:\/\/www.obispado-mdp.org.ar\/a\/fiesta\/","title":{"rendered":"FIESTA DE LA FE EN COLEGIOS CAT\u00d3LICOS."},"content":{"rendered":"\n<p class=\"has-black-color has-light-green-cyan-background-color has-text-color has-background\"><strong>Se realiz\u00f3 la VIII Fiesta de la Fe, este a\u00f1o bajo el lema \u00abSomos hijos del AMOR\u00bb, con la participaci\u00f3n de los ni\u00f1os, ni\u00f1as, docentes y directivos de la tercera secci\u00f3n de todos los Jardines de Infantes, tanto Episcopales como Congregacionales de la ciudad de Mar del Plata congregados en la JUREC.\u00a0<\/strong><\/p>\n\n\n\n<p>El objetivo de la fiesta de la fe es regalarles a los ni\u00f1os y ni\u00f1as del Nivel Inicial entre juegos, canciones y signos significativos, la importancia del Bautismo, pudiendo hacer experiencia de una Fe viva y palpable.<\/p>\n\n\n\n<p>La Fiesta se viene realizando desde el a\u00f1o 2013 y estuvo presente el P Juan Cruz Mennilli, delegado episcopal para la educaci\u00f3n y tambi\u00e9n los capellanes de todas las instituciones educativas presentes.&nbsp;&nbsp;&nbsp;&nbsp;&nbsp;&nbsp;&nbsp;&nbsp;&nbsp;<\/p>\n\n\n\n<p>Una de las caracter\u00edsticas de este encuentro y para dinamizar la Fe que profesamos, es el Gesto Solidario: este a\u00f1o nos unimos a nuestros hermanos m\u00e1s necesitados de C\u00c1RITAS Diocesana, a trav\u00e9s del pedido de pa\u00f1ales descartables, leche en polvo o larga vida<\/p>\n\n\n\n<p>Cabe destacar y es una alegr\u00eda para el equipo organizador, poder hacer esta misma fiesta por primera vez, en el mes de octubre, en las ciudades de Miramar y Villa Gesell.<\/p>\n\n\n\n<p class=\"has-vivid-red-color has-white-background-color has-text-color has-background\"><strong><a href=\"https:\/\/drive.google.com\/drive\/folders\/1Y5RLzqz-afzWwEBDRf6cDy0rLEe2F1Mv\">BAJAR FOTOS Y VIDEOS DESDE AQUI<\/a><\/strong><\/p>\n\n\n\n<figure class=\"wp-container-2 wp-block-gallery-1 wp-block-gallery has-nested-images columns-default is-cropped\">\n<figure class=\"wp-block-image size-large\"><img loading=\"lazy\" width=\"1024\" height=\"576\" data-id=\"41565\"  src=\"https:\/\/www.obispado-mdp.org.ar\/a\/wp-content\/uploads\/2023\/09\/IMG_20230913_125847869-copia-copia-1024x576.jpg\" alt=\"\" class=\"wp-image-41565\"\/><\/figure>\n\n\n\n<figure class=\"wp-block-image size-large\"><img loading=\"lazy\" width=\"1024\" height=\"576\" data-id=\"41568\"  src=\"https:\/\/www.obispado-mdp.org.ar\/a\/wp-content\/uploads\/2023\/09\/IMG_20230913_134853206-copia-copia-1024x576.jpg\" alt=\"\" class=\"wp-image-41568\"\/><\/figure>\n\n\n\n<figure class=\"wp-block-image size-large\"><img loading=\"lazy\" width=\"1024\" height=\"576\" data-id=\"41567\"  src=\"https:\/\/www.obispado-mdp.org.ar\/a\/wp-content\/uploads\/2023\/09\/IMG_20230913_140704030-copia-copia-1024x576.jpg\" alt=\"\" class=\"wp-image-41567\"\/><\/figure>\n\n\n\n<figure class=\"wp-block-image size-large\"><img loading=\"lazy\" width=\"1024\" height=\"576\" data-id=\"41570\"  src=\"https:\/\/www.obispado-mdp.org.ar\/a\/wp-content\/uploads\/2023\/09\/IMG_20230913_140757042_HDR-copia-copia-1024x576.jpg\" alt=\"\" class=\"wp-image-41570\"\/><\/figure>\n\n\n\n<figure class=\"wp-block-image size-large\"><img loading=\"lazy\" width=\"768\" height=\"1024\" data-id=\"41572\"  src=\"https:\/\/www.obispado-mdp.org.ar\/a\/wp-content\/uploads\/2023\/09\/IMG_20230913_142737648_MP-copia-768x1024.jpg\" alt=\"\" class=\"wp-image-41572\"\/><\/figure>\n\n\n\n<figure class=\"wp-block-image size-large\"><img loading=\"lazy\" width=\"1024\" height=\"576\" data-id=\"41569\"  src=\"https:\/\/www.obispado-mdp.org.ar\/a\/wp-content\/uploads\/2023\/09\/IMG_20230913_143515183_HDR-copia-1024x576.jpg\" alt=\"\" class=\"wp-image-41569\"\/><\/figure>\n\n\n\n<figure class=\"wp-block-image size-large\"><img loading=\"lazy\" width=\"768\" height=\"1024\" data-id=\"41571\"  src=\"https:\/\/www.obispado-mdp.org.ar\/a\/wp-content\/uploads\/2023\/09\/IMG_20230913_144206932_MP-copia-768x1024.jpg\" alt=\"\" class=\"wp-image-41571\"\/><\/figure>\n\n\n\n<figure class=\"wp-block-image size-large\"><img loading=\"lazy\" width=\"1024\" height=\"576\" data-id=\"41566\"  src=\"https:\/\/www.obispado-mdp.org.ar\/a\/wp-content\/uploads\/2023\/09\/IMG_20230913_144827820_HDR-copia-1024x576.jpg\" alt=\"\" class=\"wp-image-41566\"\/><\/figure>\n<\/figure>\n","protected":false},"excerpt":{"rendered":"<p>Se realiz\u00f3 la VIII Fiesta de la Fe, este a\u00f1o bajo el lema \u00abSomos hijos del AMOR\u00bb, con la participaci\u00f3n de los ni\u00f1os, ni\u00f1as, docentes y directivos de la tercera secci\u00f3n de todos los Jardines de Infantes, tanto Episcopales como Congregacionales de la ciudad de Mar del Plata congregados en la JUREC.\u00a0 El objetivo de [&hellip;]<\/p>\n","protected":false},"author":4,"featured_media":41573,"comment_status":"open","ping_status":"open","sticky":false,"template":"","format":"standard","meta":{"_et_pb_use_builder":"","_et_pb_old_content":"","_et_gb_content_width":""},"categories":[7],"tags":[],"aioseo_notices":[],"_links":{"self":[{"href":"https:\/\/www.obispado-mdp.org.ar\/a\/wp-json\/wp\/v2\/posts\/41564"}],"collection":[{"href":"https:\/\/www.obispado-mdp.org.ar\/a\/wp-json\/wp\/v2\/posts"}],"about":[{"href":"https:\/\/www.obispado-mdp.org.ar\/a\/wp-json\/wp\/v2\/types\/post"}],"author":[{"embeddable":true,"href":"https:\/\/www.obispado-mdp.org.ar\/a\/wp-json\/wp\/v2\/users\/4"}],"replies":[{"embeddable":true,"href":"https:\/\/www.obispado-mdp.org.ar\/a\/wp-json\/wp\/v2\/comments?post=41564"}],"version-history":[{"count":1,"href":"https:\/\/www.obispado-mdp.org.ar\/a\/wp-json\/wp\/v2\/posts\/41564\/revisions"}],"predecessor-version":[{"id":41574,"href":"https:\/\/www.obispado-mdp.org.ar\/a\/wp-json\/wp\/v2\/posts\/41564\/revisions\/41574"}],"wp:featuredmedia":[{"embeddable":true,"href":"https:\/\/www.obispado-mdp.org.ar\/a\/wp-json\/wp\/v2\/media\/41573"}],"wp:attachment":[{"href":"https:\/\/www.obispado-mdp.org.ar\/a\/wp-json\/wp\/v2\/media?parent=41564"}],"wp:term":[{"taxonomy":"category","embeddable":true,"href":"https:\/\/www.obispado-mdp.org.ar\/a\/wp-json\/wp\/v2\/categories?post=41564"},{"taxonomy":"post_tag","embeddable":true,"href":"https:\/\/www.obispado-mdp.org.ar\/a\/wp-json\/wp\/v2\/tags?post=41564"}],"curies":[{"name":"wp","href":"https:\/\/api.w.org\/{rel}","templated":true}]}}