{"id":41600,"date":"2023-09-18T17:05:31","date_gmt":"2023-09-18T20:05:31","guid":{"rendered":"https:\/\/www.obispado-mdp.org.ar\/a\/?p=41600"},"modified":"2024-06-26T16:44:01","modified_gmt":"2024-06-26T19:44:01","slug":"nuevo-boletin-diocesano-n18","status":"publish","type":"post","link":"https:\/\/www.obispado-mdp.org.ar\/a\/nuevo-boletin-diocesano-n18\/","title":{"rendered":"NUEVO BOLET\u00edN DIOCESANO N\u00b018"},"content":{"rendered":"[et_pb_section admin_label=\u00bbsection\u00bb]\n\t\t\t[et_pb_row admin_label=\u00bbrow\u00bb]\n\t\t\t\t[et_pb_column type=\u00bb4_4&#8243;][et_pb_text admin_label=\u00bbText\u00bb]\n<p class=\"has-pale-cyan-blue-background-color has-background\">Les compartimos el Nuevo Bolet\u00edn Diocesano n\u00famero18, correspondiente a los meses de Mayo-Agosto de 2023.<\/p>\n\n\n\n<p>En el bolet\u00edn encontrar\u00e1n una compilaci\u00f3n documental de todos los acontecimientos de la di\u00f3cesis, los mensajes y homil\u00edas, noticias de la di\u00f3cesis, y todos los Decretos y disposiciones.<\/p>\n\n\n\n<p><a href=\"https:\/\/www.obispado-mdp.org.ar\/a\/wp-content\/uploads\/2023\/09\/NDB-May-Ago-2023.pdf\">BAJAR EL NBD18 DESDE AQUI<\/a><\/p>\n\n\n\n<figure class=\"wp-block-image size-full\"><img loading=\"lazy\" width=\"381\" height=\"565\" src=\"https:\/\/www.obispado-mdp.org.ar\/a\/wp-content\/uploads\/2023\/09\/nuevo-boletin-diocesan-18.png\" alt=\"\" class=\"wp-image-41601\"\/><\/figure>\n[\/et_pb_text][\/et_pb_column]\n\t\t\t[\/et_pb_row]\n\t\t[\/et_pb_section]","protected":false},"excerpt":{"rendered":"<p>[et_pb_section admin_label=\u00bbsection\u00bb] [et_pb_row admin_label=\u00bbrow\u00bb] [et_pb_column type=\u00bb4_4&#8243;][et_pb_text admin_label=\u00bbText\u00bb] Les compartimos el Nuevo Bolet\u00edn Diocesano n\u00famero18, correspondiente a los meses de Mayo-Agosto de 2023. En el bolet\u00edn encontrar\u00e1n una compilaci\u00f3n documental de todos los acontecimientos de la di\u00f3cesis, los mensajes y homil\u00edas, noticias de la di\u00f3cesis, y todos los Decretos y disposiciones. BAJAR EL NBD18 DESDE AQUI [&hellip;]<\/p>\n","protected":false},"author":4,"featured_media":41602,"comment_status":"open","ping_status":"open","sticky":false,"template":"","format":"standard","meta":{"_et_pb_use_builder":"on","_et_pb_old_content":"<!-- wp:paragraph {\"backgroundColor\":\"pale-cyan-blue\"} -->\n<p class=\"has-pale-cyan-blue-background-color has-background\">Les compartimos el Nuevo Bolet\u00edn Diocesano n\u00famero18, correspondiente a los meses de Mayo-Agosto de 2023.<\/p>\n<!-- \/wp:paragraph -->\n\n<!-- wp:paragraph -->\n<p>En el bolet\u00edn encontrar\u00e1n una compilaci\u00f3n documental de todos los acontecimientos de la di\u00f3cesis, los mensajes y homil\u00edas, noticias de la di\u00f3cesis, y todos los Decretos y disposiciones.<\/p>\n<!-- \/wp:paragraph -->\n\n<!-- wp:paragraph -->\n<p><a href=\"https:\/\/www.obispado-mdp.org.ar\/a\/wp-content\/uploads\/2023\/09\/NDB-May-Ago-2023.pdf\">BAJAR EL NBD18 DESDE AQUI<\/a><\/p>\n<!-- \/wp:paragraph -->\n\n<!-- wp:image {\"id\":41601,\"sizeSlug\":\"full\",\"linkDestination\":\"none\"} -->\n<figure class=\"wp-block-image size-full\"><img src=\"https:\/\/www.obispado-mdp.org.ar\/a\/wp-content\/uploads\/2023\/09\/nuevo-boletin-diocesan-18.png\" alt=\"\" class=\"wp-image-41601\"\/><\/figure>\n<!-- \/wp:image -->","_et_gb_content_width":""},"categories":[4],"tags":[],"aioseo_notices":[],"_links":{"self":[{"href":"https:\/\/www.obispado-mdp.org.ar\/a\/wp-json\/wp\/v2\/posts\/41600"}],"collection":[{"href":"https:\/\/www.obispado-mdp.org.ar\/a\/wp-json\/wp\/v2\/posts"}],"about":[{"href":"https:\/\/www.obispado-mdp.org.ar\/a\/wp-json\/wp\/v2\/types\/post"}],"author":[{"embeddable":true,"href":"https:\/\/www.obispado-mdp.org.ar\/a\/wp-json\/wp\/v2\/users\/4"}],"replies":[{"embeddable":true,"href":"https:\/\/www.obispado-mdp.org.ar\/a\/wp-json\/wp\/v2\/comments?post=41600"}],"version-history":[{"count":2,"href":"https:\/\/www.obispado-mdp.org.ar\/a\/wp-json\/wp\/v2\/posts\/41600\/revisions"}],"predecessor-version":[{"id":44121,"href":"https:\/\/www.obispado-mdp.org.ar\/a\/wp-json\/wp\/v2\/posts\/41600\/revisions\/44121"}],"wp:featuredmedia":[{"embeddable":true,"href":"https:\/\/www.obispado-mdp.org.ar\/a\/wp-json\/wp\/v2\/media\/41602"}],"wp:attachment":[{"href":"https:\/\/www.obispado-mdp.org.ar\/a\/wp-json\/wp\/v2\/media?parent=41600"}],"wp:term":[{"taxonomy":"category","embeddable":true,"href":"https:\/\/www.obispado-mdp.org.ar\/a\/wp-json\/wp\/v2\/categories?post=41600"},{"taxonomy":"post_tag","embeddable":true,"href":"https:\/\/www.obispado-mdp.org.ar\/a\/wp-json\/wp\/v2\/tags?post=41600"}],"curies":[{"name":"wp","href":"https:\/\/api.w.org\/{rel}","templated":true}]}}