{"id":41613,"date":"2023-09-19T12:54:37","date_gmt":"2023-09-19T15:54:37","guid":{"rendered":"https:\/\/www.obispado-mdp.org.ar\/a\/?p=41613"},"modified":"2023-09-19T20:06:06","modified_gmt":"2023-09-19T23:06:06","slug":"vuelve-invasion-de-pueblos","status":"publish","type":"post","link":"https:\/\/www.obispado-mdp.org.ar\/a\/vuelve-invasion-de-pueblos\/","title":{"rendered":"\u00a1VUELVE INVASI\u00d3N DE PUEBLOS!"},"content":{"rendered":"\n<p class=\"has-light-green-cyan-background-color has-background\"><strong>Ya hay 664 j\u00f3venes inscriptos para la 55\u00b0 Invasi\u00f3n de Pueblos que se realizar\u00e1 en Villa Gesell 22, 23 y 24 de septiembre pr\u00f3ximo.<\/strong><\/p>\n\n\n\n<p>El lema de este a\u00f1o ser\u00e1: \u00abFe que transforma, vida que florece\u00bb. Y el tema central: \u201cEl anuncio gozoso de la Fe que transforma nuestras vidas y nos impulsa a transformar nuestro entorno\u201d.<\/p>\n\n\n\n<p>Mas de 650 j\u00f3venes de toda la Di\u00f3cesis ya se han inscriptos, m\u00e1s los 100 servidores de Villa Gesell que brindar\u00e1n todo el apoyo a la 55 Invasi\u00f3n.<\/p>\n\n\n\n<p><strong>Expositores<\/strong><\/p>\n\n\n\n<p>.Padre Dami\u00e1n Reinoso de Villa Soldati (de los Hogares de Cristo).<\/p>\n\n\n\n<p>.Profesor Pablo Corva, Asesor de la Pastoral Juvenil de la Di\u00f3cesis.<\/p>\n\n\n\n<p>La Santa Misa de la Invasion del s\u00e1bado a las 18hs, ser\u00e1 presidida por el Administrador Diocesano, <strong>Pbro Luis Alb\u00f3niga.<\/strong> El encuentro juvenil finalizar\u00e1 el domingo a las 16hs con la celebraci\u00f3n de una Misa presidida por el Pbro Raul Escude y sacerdotes de la <a href=\"https:\/\/www.facebook.com\/diocesis.mardelplata?__cft__[0]=AZUanqxZErUGPXUHKLTboYxpEZqTwW1U4x_m2XGsLKTkNp7bIEtoTrSeqWR-vOBAeW716PZ_ohRmv8qRNtjmZM47oy4s-SjU6L1Cxnf3hSuspxXb_U-r4RX7xOXrhpINn6VQ5Jwo_VINCIv53hGf_TU7&amp;__tn__=-]K-R\">Di\u00f3cesis de Mar del Plata<\/a>.<\/p>\n\n\n\n<p>Contaremos tambi\u00e9n con la participaci\u00f3n de la banda \u00abToco para Dios\u00bb de R\u00edo Cuarto, C\u00f3rdoba. Durante el fin de semana los j\u00f3venes tendr\u00e1n espacios para la formaci\u00f3n y la espiritualidad, la misi\u00f3n y los festejos. Se celebrar\u00e1 misa junto a toda la comunidad y el domingo por la ma\u00f1ana se rezar\u00e1 un v\u00eda crucis recordando a Fernando Baez Sosa y a su familia.<\/p>\n","protected":false},"excerpt":{"rendered":"<p>Ya hay 664 j\u00f3venes inscriptos para la 55\u00b0 Invasi\u00f3n de Pueblos que se realizar\u00e1 en Villa Gesell 22, 23 y 24 de septiembre pr\u00f3ximo. El lema de este a\u00f1o ser\u00e1: \u00abFe que transforma, vida que florece\u00bb. Y el tema central: \u201cEl anuncio gozoso de la Fe que transforma nuestras vidas y nos impulsa a transformar [&hellip;]<\/p>\n","protected":false},"author":4,"featured_media":41614,"comment_status":"open","ping_status":"open","sticky":false,"template":"","format":"standard","meta":{"_et_pb_use_builder":"","_et_pb_old_content":"","_et_gb_content_width":""},"categories":[4],"tags":[],"aioseo_notices":[],"_links":{"self":[{"href":"https:\/\/www.obispado-mdp.org.ar\/a\/wp-json\/wp\/v2\/posts\/41613"}],"collection":[{"href":"https:\/\/www.obispado-mdp.org.ar\/a\/wp-json\/wp\/v2\/posts"}],"about":[{"href":"https:\/\/www.obispado-mdp.org.ar\/a\/wp-json\/wp\/v2\/types\/post"}],"author":[{"embeddable":true,"href":"https:\/\/www.obispado-mdp.org.ar\/a\/wp-json\/wp\/v2\/users\/4"}],"replies":[{"embeddable":true,"href":"https:\/\/www.obispado-mdp.org.ar\/a\/wp-json\/wp\/v2\/comments?post=41613"}],"version-history":[{"count":5,"href":"https:\/\/www.obispado-mdp.org.ar\/a\/wp-json\/wp\/v2\/posts\/41613\/revisions"}],"predecessor-version":[{"id":41620,"href":"https:\/\/www.obispado-mdp.org.ar\/a\/wp-json\/wp\/v2\/posts\/41613\/revisions\/41620"}],"wp:featuredmedia":[{"embeddable":true,"href":"https:\/\/www.obispado-mdp.org.ar\/a\/wp-json\/wp\/v2\/media\/41614"}],"wp:attachment":[{"href":"https:\/\/www.obispado-mdp.org.ar\/a\/wp-json\/wp\/v2\/media?parent=41613"}],"wp:term":[{"taxonomy":"category","embeddable":true,"href":"https:\/\/www.obispado-mdp.org.ar\/a\/wp-json\/wp\/v2\/categories?post=41613"},{"taxonomy":"post_tag","embeddable":true,"href":"https:\/\/www.obispado-mdp.org.ar\/a\/wp-json\/wp\/v2\/tags?post=41613"}],"curies":[{"name":"wp","href":"https:\/\/api.w.org\/{rel}","templated":true}]}}