{"id":41622,"date":"2023-09-20T09:26:00","date_gmt":"2023-09-20T12:26:00","guid":{"rendered":"https:\/\/www.obispado-mdp.org.ar\/a\/?p=41622"},"modified":"2023-09-20T09:37:32","modified_gmt":"2023-09-20T12:37:32","slug":"primeros-pasos-de-la-mision-diocesana-en-la-carcel","status":"publish","type":"post","link":"https:\/\/www.obispado-mdp.org.ar\/a\/primeros-pasos-de-la-mision-diocesana-en-la-carcel\/","title":{"rendered":"PRIMEROS PASOS DE LA MISI\u00f3N DIOCESANA EN LA CARCEL"},"content":{"rendered":"\n<p>Los miembros de la Pastoral Penitenciaria y de la Casa de Liberad y MIsericordia ya dieron los primeros pasos de la misi\u00f3n diocesana en la c\u00e1rcel con la bendici\u00f3n de las celdas a los privados de libertad. Tambien se hicieron reuniones de catequesis sobre el bautismo y bendiciones con el agua bendita<\/p>\n\n\n\n<p>El P Hernan David presidi\u00f3 la Eucarist\u00eda y realiz\u00f3 a bendici\u00f3n de agua que junto a las estampas fueron distribuidas en todos los pabellones.<\/p>\n\n\n\n<p>Los misioneros tambien se acercaron a los agentes del Servicio Penitenciario compartiendo la catequesis y un momento de oraci\u00f3n.<\/p>\n\n\n\n<p><a href=\"https:\/\/www.facebook.com\/evangelizacionrenovadamdp\">Secretariado de Evangelizacion Renovada MdP<\/a><\/p>\n\n\n\n<p><a href=\"https:\/\/www.facebook.com\/catequesisrenovadamdp\">Secretariado para la Catequesis Renovada Di\u00f3cesis MdP<\/a><\/p>\n\n\n\n<figure class=\"wp-container-2 wp-block-gallery-1 wp-block-gallery has-nested-images columns-default is-cropped\">\n<figure class=\"wp-block-image size-large\"><img loading=\"lazy\" width=\"1024\" height=\"768\" data-id=\"41635\"  src=\"https:\/\/www.obispado-mdp.org.ar\/a\/wp-content\/uploads\/2023\/09\/5b12edc7-0e0c-4709-b450-f873d9c2e97a-1024x768.jpg\" alt=\"\" class=\"wp-image-41635\"\/><\/figure>\n\n\n\n<figure class=\"wp-block-image size-large\"><img loading=\"lazy\" width=\"1024\" height=\"768\" data-id=\"41625\"  src=\"https:\/\/www.obispado-mdp.org.ar\/a\/wp-content\/uploads\/2023\/09\/6a4c3f7f-0c00-4bc3-98f0-632d0419d6bc-1024x768.jpg\" alt=\"\" class=\"wp-image-41625\"\/><\/figure>\n\n\n\n<figure class=\"wp-block-image size-large\"><img loading=\"lazy\" width=\"1024\" height=\"768\" data-id=\"41624\"  src=\"https:\/\/www.obispado-mdp.org.ar\/a\/wp-content\/uploads\/2023\/09\/67cfa8cf-29d9-4be1-888f-378db879ce9c-1024x768.jpg\" alt=\"\" class=\"wp-image-41624\"\/><\/figure>\n\n\n\n<figure class=\"wp-block-image size-large\"><img loading=\"lazy\" width=\"768\" height=\"1024\" data-id=\"41627\"  src=\"https:\/\/www.obispado-mdp.org.ar\/a\/wp-content\/uploads\/2023\/09\/633ee166-2e9e-48fe-8684-bb8aa0bd6179-768x1024.jpg\" alt=\"\" class=\"wp-image-41627\"\/><\/figure>\n\n\n\n<figure class=\"wp-block-image size-large\"><img loading=\"lazy\" width=\"1024\" height=\"768\" data-id=\"41630\"  src=\"https:\/\/www.obispado-mdp.org.ar\/a\/wp-content\/uploads\/2023\/09\/2033c437-3f9e-458e-9f50-295e960dfc88-1024x768.jpg\" alt=\"\" class=\"wp-image-41630\"\/><\/figure>\n\n\n\n<figure class=\"wp-block-image size-large\"><img loading=\"lazy\" width=\"1024\" height=\"768\" data-id=\"41628\"  src=\"https:\/\/www.obispado-mdp.org.ar\/a\/wp-content\/uploads\/2023\/09\/3526765f-ea73-4527-9e57-275e5032529a-1024x768.jpg\" alt=\"\" class=\"wp-image-41628\"\/><\/figure>\n\n\n\n<figure class=\"wp-block-image size-large\"><img loading=\"lazy\" width=\"768\" height=\"1024\" data-id=\"41632\"  src=\"https:\/\/www.obispado-mdp.org.ar\/a\/wp-content\/uploads\/2023\/09\/380664571_699595222202664_4753746248435137928_n-768x1024.jpg\" alt=\"\" class=\"wp-image-41632\"\/><\/figure>\n\n\n\n<figure class=\"wp-block-image size-large\"><img loading=\"lazy\" width=\"768\" height=\"1024\" data-id=\"41629\"  src=\"https:\/\/www.obispado-mdp.org.ar\/a\/wp-content\/uploads\/2023\/09\/380685576_699595268869326_1296066283722910235_n-768x1024.jpg\" alt=\"\" class=\"wp-image-41629\"\/><\/figure>\n\n\n\n<figure class=\"wp-block-image size-large\"><img loading=\"lazy\" width=\"1024\" height=\"576\" data-id=\"41634\"  src=\"https:\/\/www.obispado-mdp.org.ar\/a\/wp-content\/uploads\/2023\/09\/380693122_699594382202748_2806432369611807458_n-1024x576.jpg\" alt=\"\" class=\"wp-image-41634\"\/><\/figure>\n\n\n\n<figure class=\"wp-block-image size-large\"><img loading=\"lazy\" width=\"1024\" height=\"768\" data-id=\"41623\"  src=\"https:\/\/www.obispado-mdp.org.ar\/a\/wp-content\/uploads\/2023\/09\/aeecf4fc-3882-494e-8c42-a9e5a2deec80-1024x768.jpg\" alt=\"\" class=\"wp-image-41623\"\/><\/figure>\n\n\n\n<figure class=\"wp-block-image size-large\"><img loading=\"lazy\" width=\"1024\" height=\"768\" data-id=\"41631\"  src=\"https:\/\/www.obispado-mdp.org.ar\/a\/wp-content\/uploads\/2023\/09\/c8f3cd70-c863-422f-b7bd-09aa48d1ed9c-1024x768.jpg\" alt=\"\" class=\"wp-image-41631\"\/><\/figure>\n\n\n\n<figure class=\"wp-block-image size-large\"><img loading=\"lazy\" width=\"768\" height=\"1024\" data-id=\"41626\"  src=\"https:\/\/www.obispado-mdp.org.ar\/a\/wp-content\/uploads\/2023\/09\/df25b31e-fc44-4478-b4ad-508530fa0fa4-768x1024.jpg\" alt=\"\" class=\"wp-image-41626\"\/><\/figure>\n\n\n\n<figure class=\"wp-block-image size-large\"><img loading=\"lazy\" width=\"1024\" height=\"576\" data-id=\"41633\"  src=\"https:\/\/www.obispado-mdp.org.ar\/a\/wp-content\/uploads\/2023\/09\/tapa-1024x576.jpg\" alt=\"\" class=\"wp-image-41633\"\/><\/figure>\n<\/figure>\n","protected":false},"excerpt":{"rendered":"<p>Los miembros de la Pastoral Penitenciaria y de la Casa de Liberad y MIsericordia ya dieron los primeros pasos de la misi\u00f3n diocesana en la c\u00e1rcel con la bendici\u00f3n de las celdas a los privados de libertad. Tambien se hicieron reuniones de catequesis sobre el bautismo y bendiciones con el agua bendita El P Hernan [&hellip;]<\/p>\n","protected":false},"author":4,"featured_media":41636,"comment_status":"open","ping_status":"open","sticky":false,"template":"","format":"standard","meta":{"_et_pb_use_builder":"","_et_pb_old_content":"","_et_gb_content_width":""},"categories":[4],"tags":[],"aioseo_notices":[],"_links":{"self":[{"href":"https:\/\/www.obispado-mdp.org.ar\/a\/wp-json\/wp\/v2\/posts\/41622"}],"collection":[{"href":"https:\/\/www.obispado-mdp.org.ar\/a\/wp-json\/wp\/v2\/posts"}],"about":[{"href":"https:\/\/www.obispado-mdp.org.ar\/a\/wp-json\/wp\/v2\/types\/post"}],"author":[{"embeddable":true,"href":"https:\/\/www.obispado-mdp.org.ar\/a\/wp-json\/wp\/v2\/users\/4"}],"replies":[{"embeddable":true,"href":"https:\/\/www.obispado-mdp.org.ar\/a\/wp-json\/wp\/v2\/comments?post=41622"}],"version-history":[{"count":2,"href":"https:\/\/www.obispado-mdp.org.ar\/a\/wp-json\/wp\/v2\/posts\/41622\/revisions"}],"predecessor-version":[{"id":41638,"href":"https:\/\/www.obispado-mdp.org.ar\/a\/wp-json\/wp\/v2\/posts\/41622\/revisions\/41638"}],"wp:featuredmedia":[{"embeddable":true,"href":"https:\/\/www.obispado-mdp.org.ar\/a\/wp-json\/wp\/v2\/media\/41636"}],"wp:attachment":[{"href":"https:\/\/www.obispado-mdp.org.ar\/a\/wp-json\/wp\/v2\/media?parent=41622"}],"wp:term":[{"taxonomy":"category","embeddable":true,"href":"https:\/\/www.obispado-mdp.org.ar\/a\/wp-json\/wp\/v2\/categories?post=41622"},{"taxonomy":"post_tag","embeddable":true,"href":"https:\/\/www.obispado-mdp.org.ar\/a\/wp-json\/wp\/v2\/tags?post=41622"}],"curies":[{"name":"wp","href":"https:\/\/api.w.org\/{rel}","templated":true}]}}