{"id":41640,"date":"2023-09-21T09:18:18","date_gmt":"2023-09-21T12:18:18","guid":{"rendered":"https:\/\/www.obispado-mdp.org.ar\/a\/?p=41640"},"modified":"2023-09-21T09:21:15","modified_gmt":"2023-09-21T12:21:15","slug":"los-tres-puntitos-de-mons-gabriel-ahora-en-la-web-de-la-universidad-del-obispado","status":"publish","type":"post","link":"https:\/\/www.obispado-mdp.org.ar\/a\/los-tres-puntitos-de-mons-gabriel-ahora-en-la-web-de-la-universidad-del-obispado\/","title":{"rendered":"LOS TRES PUNTITOS DE MONS. GABRIEL AHORA EN LA WEB DE LA UNIVERSIDAD DEL OBISPADO"},"content":{"rendered":"\n<p class=\"has-pale-cyan-blue-background-color has-background\">A partir de este jueves Los tres puntitos escritos por Mons. Gabriel Mestre, Arzobispo de La Plata, podr\u00e1n leerse semanalmente en la p\u00e1gina web de la Escuela Universitaria de Teolog\u00eda donde se desempe\u00f1a como profesor.<\/p>\n\n\n\n<p>Informamos a todos aquellos que le\u00edan <em>Los tres puntitos del Domingo<\/em> de Mons. Mestre desde la p\u00e1gina del obispado que, a partir de este jueves 21 de septiembre, tendr\u00e1n la posibilidad de encontrarlos en la web de la Escuela Universitaria de Teolog\u00eda: <a href=\"http:\/\/www.eut.edu.ar\" target=\"_blank\" rel=\"noopener\"><strong>www.eut.edu.ar<\/strong><\/a>. All\u00ed encontrar\u00e1n el siguiente espacio donde podr\u00e1n hacer clic para ver el enlace al texto del Domingo correspondiente. En enlace directo es: <a href=\"https:\/\/eut.edu.ar\/los-tres-puntitos-de-mons-gabriel-mestre\/\" target=\"_blank\" rel=\"noopener\"><strong>https:\/\/eut.edu.ar\/los-tres-puntitos-de-mons-gabriel-mestre\/<\/strong><\/a><\/p>\n\n\n\n<p>Gracias a todos por las consultas y los animamos a continuar disfrutando semanalmente de esos textos que, como Mons. Gabriel dice en el pr\u00f3logo de sus libros: \u00ablos <em>tres puntitos<\/em> son un instrumento m\u00e1s, dentro de muchos, al servicio de la interpretaci\u00f3n de la Biblia en clave orante, en clave de <em>Lectio Divina<\/em> y de encarnaci\u00f3n de la Palabra en el compromiso y el servicio en la vida cotidiana\u00bb.<\/p>\n\n\n\n<p><\/p>\n\n\n\n<figure class=\"wp-block-image size-large\"><a href=\"https:\/\/eut.edu.ar\/los-tres-puntitos-de-mons-gabriel-mestre\/\" target=\"_blank\" rel=\"noreferrer noopener\"><img loading=\"lazy\" width=\"1024\" height=\"1024\" src=\"https:\/\/www.obispado-mdp.org.ar\/a\/wp-content\/uploads\/2023\/09\/Imagen-200-x-300-1024x1024.png\" alt=\"\" class=\"wp-image-41641\"\/><\/a><\/figure>\n","protected":false},"excerpt":{"rendered":"<p>A partir de este jueves Los tres puntitos escritos por Mons. Gabriel Mestre, Arzobispo de La Plata, podr\u00e1n leerse semanalmente en la p\u00e1gina web de la Escuela Universitaria de Teolog\u00eda donde se desempe\u00f1a como profesor. Informamos a todos aquellos que le\u00edan Los tres puntitos del Domingo de Mons. Mestre desde la p\u00e1gina del obispado que, [&hellip;]<\/p>\n","protected":false},"author":3,"featured_media":41648,"comment_status":"open","ping_status":"open","sticky":false,"template":"","format":"standard","meta":{"_et_pb_use_builder":"","_et_pb_old_content":"","_et_gb_content_width":""},"categories":[4,5],"tags":[],"aioseo_notices":[],"_links":{"self":[{"href":"https:\/\/www.obispado-mdp.org.ar\/a\/wp-json\/wp\/v2\/posts\/41640"}],"collection":[{"href":"https:\/\/www.obispado-mdp.org.ar\/a\/wp-json\/wp\/v2\/posts"}],"about":[{"href":"https:\/\/www.obispado-mdp.org.ar\/a\/wp-json\/wp\/v2\/types\/post"}],"author":[{"embeddable":true,"href":"https:\/\/www.obispado-mdp.org.ar\/a\/wp-json\/wp\/v2\/users\/3"}],"replies":[{"embeddable":true,"href":"https:\/\/www.obispado-mdp.org.ar\/a\/wp-json\/wp\/v2\/comments?post=41640"}],"version-history":[{"count":2,"href":"https:\/\/www.obispado-mdp.org.ar\/a\/wp-json\/wp\/v2\/posts\/41640\/revisions"}],"predecessor-version":[{"id":41646,"href":"https:\/\/www.obispado-mdp.org.ar\/a\/wp-json\/wp\/v2\/posts\/41640\/revisions\/41646"}],"wp:featuredmedia":[{"embeddable":true,"href":"https:\/\/www.obispado-mdp.org.ar\/a\/wp-json\/wp\/v2\/media\/41648"}],"wp:attachment":[{"href":"https:\/\/www.obispado-mdp.org.ar\/a\/wp-json\/wp\/v2\/media?parent=41640"}],"wp:term":[{"taxonomy":"category","embeddable":true,"href":"https:\/\/www.obispado-mdp.org.ar\/a\/wp-json\/wp\/v2\/categories?post=41640"},{"taxonomy":"post_tag","embeddable":true,"href":"https:\/\/www.obispado-mdp.org.ar\/a\/wp-json\/wp\/v2\/tags?post=41640"}],"curies":[{"name":"wp","href":"https:\/\/api.w.org\/{rel}","templated":true}]}}