{"id":41650,"date":"2023-09-22T16:26:43","date_gmt":"2023-09-22T19:26:43","guid":{"rendered":"https:\/\/www.obispado-mdp.org.ar\/a\/?p=41650"},"modified":"2023-09-22T16:27:06","modified_gmt":"2023-09-22T19:27:06","slug":"reunion-del-administrador-diocesano-con-el-colegio-de-consultores","status":"publish","type":"post","link":"https:\/\/www.obispado-mdp.org.ar\/a\/reunion-del-administrador-diocesano-con-el-colegio-de-consultores\/","title":{"rendered":"REUNION DEL ADMINISTRADOR DIOCESANO CON EL COLEGIO DE CONSULTORES."},"content":{"rendered":"\n<p class=\"has-pale-cyan-blue-background-color has-background\"><strong>El administrador diocesano Pbro Luis Alb\u00f3niga convoc\u00f3 una reuni\u00f3n del Colegio de Consultores. La misma tuvo como finalidad reflexionar sobre la realidad de la di\u00f3cesis y los pasos que se est\u00e1n dando para asegurar la continuidad en esta etapa de transici\u00f3n. <\/strong><\/p>\n\n\n\n<p>Entre los temas tratados estuvo la preparaci\u00f3n de la Iglesia local para recibir al pastor animando a rezar por \u00e9l y comunicar los aspectos m\u00e1s significativos sobre la funci\u00f3n del obispo como pastor de la di\u00f3cesis. Se dialog\u00f3, tambi\u00e9n, sobre los acontecimientos importantes de este tiempo: la misi\u00f3n diocesana en su fase program\u00e1tica que abarca la \u00faltima semana de setiembre y la primera de octubre, la peregrinaci\u00f3n a Luj\u00e1n y la Marcha de la Esperanza en su edici\u00f3n cincuentenario.<\/p>\n\n\n\n<figure class=\"wp-container-2 wp-block-gallery-1 wp-block-gallery has-nested-images columns-default is-cropped\">\n<figure class=\"wp-block-image size-large\"><img loading=\"lazy\" width=\"1024\" height=\"768\" data-id=\"41652\"  src=\"https:\/\/www.obispado-mdp.org.ar\/a\/wp-content\/uploads\/2023\/09\/4ef47b8d-e9e9-4f51-905c-fd8bc9d68e58-1024x768.jpg\" alt=\"\" class=\"wp-image-41652\"\/><\/figure>\n\n\n\n<figure class=\"wp-block-image size-large\"><img loading=\"lazy\" width=\"1024\" height=\"768\" data-id=\"41651\"  src=\"https:\/\/www.obispado-mdp.org.ar\/a\/wp-content\/uploads\/2023\/09\/879a98d4-ce68-4db1-a38d-17e0316140ad-1024x768.jpg\" alt=\"\" class=\"wp-image-41651\"\/><\/figure>\n<\/figure>\n","protected":false},"excerpt":{"rendered":"<p>El administrador diocesano Pbro Luis Alb\u00f3niga convoc\u00f3 una reuni\u00f3n del Colegio de Consultores. La misma tuvo como finalidad reflexionar sobre la realidad de la di\u00f3cesis y los pasos que se est\u00e1n dando para asegurar la continuidad en esta etapa de transici\u00f3n. Entre los temas tratados estuvo la preparaci\u00f3n de la Iglesia local para recibir al [&hellip;]<\/p>\n","protected":false},"author":4,"featured_media":41653,"comment_status":"open","ping_status":"open","sticky":false,"template":"","format":"standard","meta":{"_et_pb_use_builder":"","_et_pb_old_content":"","_et_gb_content_width":""},"categories":[4],"tags":[],"aioseo_notices":[],"_links":{"self":[{"href":"https:\/\/www.obispado-mdp.org.ar\/a\/wp-json\/wp\/v2\/posts\/41650"}],"collection":[{"href":"https:\/\/www.obispado-mdp.org.ar\/a\/wp-json\/wp\/v2\/posts"}],"about":[{"href":"https:\/\/www.obispado-mdp.org.ar\/a\/wp-json\/wp\/v2\/types\/post"}],"author":[{"embeddable":true,"href":"https:\/\/www.obispado-mdp.org.ar\/a\/wp-json\/wp\/v2\/users\/4"}],"replies":[{"embeddable":true,"href":"https:\/\/www.obispado-mdp.org.ar\/a\/wp-json\/wp\/v2\/comments?post=41650"}],"version-history":[{"count":2,"href":"https:\/\/www.obispado-mdp.org.ar\/a\/wp-json\/wp\/v2\/posts\/41650\/revisions"}],"predecessor-version":[{"id":41656,"href":"https:\/\/www.obispado-mdp.org.ar\/a\/wp-json\/wp\/v2\/posts\/41650\/revisions\/41656"}],"wp:featuredmedia":[{"embeddable":true,"href":"https:\/\/www.obispado-mdp.org.ar\/a\/wp-json\/wp\/v2\/media\/41653"}],"wp:attachment":[{"href":"https:\/\/www.obispado-mdp.org.ar\/a\/wp-json\/wp\/v2\/media?parent=41650"}],"wp:term":[{"taxonomy":"category","embeddable":true,"href":"https:\/\/www.obispado-mdp.org.ar\/a\/wp-json\/wp\/v2\/categories?post=41650"},{"taxonomy":"post_tag","embeddable":true,"href":"https:\/\/www.obispado-mdp.org.ar\/a\/wp-json\/wp\/v2\/tags?post=41650"}],"curies":[{"name":"wp","href":"https:\/\/api.w.org\/{rel}","templated":true}]}}