{"id":41689,"date":"2023-09-23T20:08:47","date_gmt":"2023-09-23T23:08:47","guid":{"rendered":"https:\/\/www.obispado-mdp.org.ar\/a\/?p=41689"},"modified":"2023-09-23T21:03:53","modified_gmt":"2023-09-24T00:03:53","slug":"fe-que-transforma-vida-que-florece","status":"publish","type":"post","link":"https:\/\/www.obispado-mdp.org.ar\/a\/fe-que-transforma-vida-que-florece\/","title":{"rendered":"Fe que transforma. Vida que florece."},"content":{"rendered":"\n<p class=\"has-light-green-cyan-background-color has-background\"><strong>HOY DIA 2 DE INVASION DE PUEBLOS\ud83e\udde1\ud83d\udc9c\u2764\ufe0f\ud83e\ude75\ud83d\udc99\ud83d\udc9a\ud83d\udc9b Homil\u00eda del Administrador Diocesano Pbro Luis Alb\u00f3niga.<\/strong><\/p>\n\n\n\n<p><br>Este s\u00e1bado de esta invasion comenz\u00f3 con un desayuno y un gupo se fue a misionar en hospitales, caritas, forestacion, en la playa y muchas mas. Mientras tanto nivel 1 y 2 tuvieron una charla y compartieron algunos juegos.<br>En la tarde continuaron con las misiones mientras que nivel 3 tuvo una charla y juegos. Se comparti\u00f3 la merienda y fuimos a la capilla de Santiago Apostol, donde compartimos la misa dirigida por nuestro administrador diosesano, <strong>Luis Alb\u00f3niga. <\/strong><\/p>\n\n\n\n<p>HOMILIA DE ALBONIGA<\/p>\n\n\n\n<p>La Misa de hoy fue presidida por el Administrador Diocesano Pbro.<strong> Luis Alb\u00f3niga <\/strong>y gir\u00f3 sobre el tema <strong><em>Fe que transforma. Vida que florece<\/em><\/strong>. <\/p>\n\n\n\n<p>Queridas chicas, queridos chicos:<\/p>\n\n\n\n<p>\u00a1Viva Jes\u00fas!<br>\u00a1Viva la Iglesia!<br>\u00a1Vivan los j\u00f3venes!<\/p>\n\n\n\n<p>Qu\u00e9 hermosa oraci\u00f3n nos regala el salmo 144 con el que rezamos reci\u00e9n: \u201cEl Se\u00f1or est\u00e1 cerca\u201d. S\u00ed, es lo propio del Se\u00f1or, estar cerca. La Invasi\u00f3n de Pueblos nos hace experimentar la cercan\u00eda de Dios. Somos m\u00e1s de 600 y Jes\u00fas est\u00e1 cerca de cada uno, en tu coraz\u00f3n, en tu vida, en este encuentro.<\/p>\n\n\n\n<p>Vamos a repetirlo juntos en forma de certeza de fe: \u201cSe\u00f1or est\u00e1s cerca\u201d, repitamos.<\/p>\n\n\n\n<p>El profeta Isa\u00edas tambi\u00e9n nos dice: \u201cllamen al Se\u00f1or mientras est\u00e1 cerca\u201d. Tenemos que llamarlo, invocarlo. El est\u00e1 cerca para bendecirnos, para consolarnos, para animarnos, para perdonarnos. \u00bfNo es esto, acaso, un gran regalo, un gran don?<\/p>\n\n\n\n<p>Te pregunto: \u00bfLo llamas habitualmente al Se\u00f1or? \u00bfMientras vas y ven\u00eds lo invocas? \u00bfC\u00f3mo lo haces? \u201cDios m\u00edo\u201d, \u201cSe\u00f1or\u201d, \u201cJes\u00fas\u201d, \u201camigo\u201d, \u201chermano\u201d, \u201csalvador\u201d \u2026 La Biblia nos ense\u00f1a tantos nombres, tantas palabras para llamarlo. Esto es muy importante, porque Dios quiere que lo llames, que lo invoques, que pronuncies su nombre. \u00c9l lo hace con nosotros. \u00c9l te llama por tu nombre y te dice: \u201cEstoy cerca\u201d, \u201cEstoy con vos\u201d.<\/p>\n\n\n\n<p>Esta es nuestra fe: no es una teor\u00eda, ni una ideolog\u00eda, es un v\u00ednculo de amor, una amistad, una relaci\u00f3n de intimidad capaz de colmar nuestra vida.<\/p>\n\n\n\n<p>Y este Jes\u00fas cercano hoy sale a buscar compa\u00f1eros de trabajo, obreros para su vi\u00f1a, colaboradores, amigos. La par\u00e1bola del Evangelio nos cuenta que no sali\u00f3 solo una vez, \u00a1sali\u00f3 una y otra vez! Sali\u00f3 a la madrugada, sali\u00f3 al mediod\u00eda, a media tarde y al caer la tarde. Hasta el \u00faltimo momento buscando amigos, colaboradores.<\/p>\n\n\n\n<p>Este es el primer aspecto de nuestra fe: \u00e9l nos llama, nos busca, nos quiere con \u00e9l. Por eso la primera palabra en esta reflexi\u00f3n que les comparto es <strong>ENCUENTRO<\/strong>. Y, a veces, esto nos cuesta. Preferimos andar solos, y cu\u00e1ntas veces nos sentimos solos. Por eso, el vuelve a salir y te llama de nuevo. \u00a1Dejate encontrar! No tengas miedo. Animate. \u00c9l te busca y nosotros lo buscamos. El lema de esta invasi\u00f3n habla de la fe: \u201cFe que transforma\u201d. Para que la fe sea fe y para que transforme tiene que haber encuentro, encuentro con \u00c9l, amistad, amor, b\u00fasqueda. Sino no es fe, es otra cosa. <em>La fe es encuentro<\/em>. La fe es saberte buscado, llamado, querido, convocado. Cuando somos amados y convocados, cuando somos buscados, nuestra vida cobra sentido. El solitario no tiene otro sentido que buscarse a s\u00ed mismo. Pero saberte buscado y amado por un Dios amigo, eso s\u00ed que abre horizontes, ampl\u00eda la mirada.&nbsp; Por esto, tantas propuestas no convocan, y es bueno que as\u00ed sea, porque te quieren sumar, que seas un n\u00famero m\u00e1s, ya sea un voto, una voz que grita o un militante. Jes\u00fas no quiere eso, te quiere a vos. Para Jes\u00fas no somos un n\u00famero en una estad\u00edstica. Somos amigos, amados, buscados, convocados.<\/p>\n\n\n\n<p>Y s\u00ed, como dice el lema, <em>la fe transforma<\/em>.&nbsp; Y esta es la segunda palabra: <strong>TRANSFORMA<\/strong>. Jes\u00fas en el Evangelio habla de colaboradores que deben ir a trabajar en una vi\u00f1a. La vi\u00f1a es una hermosa imagen. Porque simboliza la tarea de los seres humanos. Tener una vi\u00f1a y trabajarla es transformar un terreno en un lugar fecundo. Es transformar una planta en una fuente de frutos. Y es llegar a producir la fruta y el vino que alimenta y alegra; que hace posible la fiesta y el encuentro. Trabajando juntos en la vi\u00f1a, estos obreros que han sido buscados y convocados, se convierten en <em>coprotagonistas de un proyecto com\u00fan<\/em>. Un proyecto de transformaci\u00f3n. Tienen, ahora, una meta que los hace sentirse parte, esforzarse juntos, en pos de un proceso de transformaci\u00f3n que terminar\u00e1 en un brindis de amigos, en una fiesta de bodas o en un altar para celebrar la liturgia de la vida cuando la uva que se transform\u00f3 en vino se convierta en sangre que salva y enamora. La transformaci\u00f3n que obra la fe es fruto de un proceso comunitario. Va transformando en la vida de la comunidad, de la familia, del pueblo. No puede ser de otro modo porque Dios es familia, es trinidad.&nbsp; Y, as\u00ed, nadie puede solo. Todo lo podemos juntos, todo lo podemos con el Se\u00f1or. Por eso Jes\u00fas forma equipo, crea comunidad, asocia compa\u00f1eros, junta amigos. Y nos regala un proyecto transformador. Tantos se quedan hoy buscando sus \u00e9xitos personales, el triunfo en la carrera, el puestito que me da el partido, o la platita que me junt\u00e9. Eso no alcanza si no hay un proyecto com\u00fan. La fe transforma porque nos da algo valioso por que jugarnos la vida. Porque nos regala la meta de caminar juntos, de trabajar por el bien com\u00fan y de unirnos para cuidarnos y juntos crecer.<\/p>\n\n\n\n<p>Y as\u00ed viene la \u00faltima palabra: <strong>FLORECER<\/strong>. Podr\u00edamos decir que en el relato del evangelio hay algunos que nunca van a florecer. Son los que empiezan a mirar con envidia y recelo. El propietario no s\u00f3lo fue justo, porque pag\u00f3 lo que hab\u00eda convenido con cada uno; sino que fue muy generoso, porque quiso que a\u00fan los que hab\u00edan trabajado menos tuvieran el jornal, el salario de un d\u00eda para llevar el pan a sus mesas. \u00a1Qu\u00e9 triste cuando la justicia y la generosidad dejan de interesarnos! Qu\u00e9 feo cuando la pelea por el chiquitaje nos hace perder de vista el bien posible de todos. Qu\u00e9 triste cuando competimos para destruir al otro, cuando nos entristece lo bueno que le pasa al otro, cuando ya no nos mueve el sue\u00f1o de una Iglesia santa, de una Patria de hermanos, de una comunidad de servicio.<\/p>\n\n\n\n<p>La vida florece cuando somos capaces de salir de nosotros mismos y, juntos, dejar que las manos poderosas de Jes\u00fas nos hagan levadura en el mundo. Para que fermente la justicia y la paz, el amor y la fraternidad. S\u00f3lo florece de verdad quien descubre que su vida es una misi\u00f3n en este mundo.<\/p>\n\n\n\n<p>As\u00ed la fe se vuelve transformadora, haciendo del mundo un hogar y de la humanidad una familia en la que florece la vida.<\/p>\n\n\n\n<p>\u00a1Viva la fe! Viva Jes\u00fas. Vivan los j\u00f3venes!<\/p>\n\n\n\n<p><a href=\"https:\/\/www.obispado-mdp.org.ar\/a\/wp-content\/uploads\/2023\/09\/Invasio\u0301n-de-Pueblos-2023.pdf\">BAJAR HOMILIA <\/a><\/p>\n\n\n\n<figure class=\"wp-container-2 wp-block-gallery-1 wp-block-gallery has-nested-images columns-default is-cropped\">\n<figure class=\"wp-block-image size-large\"><img loading=\"lazy\" width=\"768\" height=\"1024\" data-id=\"41693\"  src=\"https:\/\/www.obispado-mdp.org.ar\/a\/wp-content\/uploads\/2023\/09\/5ac9ba90-b57e-4c01-9988-e963a342b7cd-copia-768x1024.jpg\" alt=\"\" class=\"wp-image-41693\"\/><\/figure>\n\n\n\n<figure class=\"wp-block-image size-large\"><img loading=\"lazy\" width=\"1024\" height=\"768\" data-id=\"41691\"  src=\"https:\/\/www.obispado-mdp.org.ar\/a\/wp-content\/uploads\/2023\/09\/8ed62527-2816-4127-93f4-7608848112e2-copia-1024x768.jpg\" alt=\"\" class=\"wp-image-41691\"\/><\/figure>\n\n\n\n<figure class=\"wp-block-image size-large\"><img loading=\"lazy\" width=\"1024\" height=\"768\" data-id=\"41692\"  src=\"https:\/\/www.obispado-mdp.org.ar\/a\/wp-content\/uploads\/2023\/09\/8f44750c-716a-455e-a8d2-6f6499a289dc-1-copia-1024x768.jpg\" alt=\"\" class=\"wp-image-41692\"\/><\/figure>\n\n\n\n<figure class=\"wp-block-image size-large\"><img loading=\"lazy\" width=\"768\" height=\"1024\" data-id=\"41696\"  src=\"https:\/\/www.obispado-mdp.org.ar\/a\/wp-content\/uploads\/2023\/09\/baa919a2-f52b-47e3-9d0a-5de8a2592ca2-768x1024.jpg\" alt=\"\" class=\"wp-image-41696\"\/><\/figure>\n\n\n\n<figure class=\"wp-block-image size-large\"><img loading=\"lazy\" width=\"768\" height=\"1024\" data-id=\"41695\"  src=\"https:\/\/www.obispado-mdp.org.ar\/a\/wp-content\/uploads\/2023\/09\/c8413e15-6bed-4310-a67a-29eaec0d936c-768x1024.jpg\" alt=\"\" class=\"wp-image-41695\"\/><\/figure>\n\n\n\n<figure class=\"wp-block-image size-large\"><img loading=\"lazy\" width=\"1024\" height=\"710\" data-id=\"41690\"  src=\"https:\/\/www.obispado-mdp.org.ar\/a\/wp-content\/uploads\/2023\/09\/cc24ba92-c38f-4e04-a6f7-4544450e79de-1024x710.jpg\" alt=\"\" class=\"wp-image-41690\"\/><\/figure>\n\n\n\n<figure class=\"wp-block-image size-large\"><img loading=\"lazy\" width=\"768\" height=\"1024\" data-id=\"41694\"  src=\"https:\/\/www.obispado-mdp.org.ar\/a\/wp-content\/uploads\/2023\/09\/cd037f03-543c-47ce-b0ec-bf3eabaab87e-768x1024.jpg\" alt=\"\" class=\"wp-image-41694\"\/><\/figure>\n<\/figure>\n","protected":false},"excerpt":{"rendered":"<p>HOY DIA 2 DE INVASION DE PUEBLOS\ud83e\udde1\ud83d\udc9c\u2764\ufe0f\ud83e\ude75\ud83d\udc99\ud83d\udc9a\ud83d\udc9b Homil\u00eda del Administrador Diocesano Pbro Luis Alb\u00f3niga. Este s\u00e1bado de esta invasion comenz\u00f3 con un desayuno y un gupo se fue a misionar en hospitales, caritas, forestacion, en la playa y muchas mas. Mientras tanto nivel 1 y 2 tuvieron una charla y compartieron algunos juegos.En la tarde [&hellip;]<\/p>\n","protected":false},"author":4,"featured_media":41697,"comment_status":"open","ping_status":"open","sticky":false,"template":"","format":"standard","meta":{"_et_pb_use_builder":"","_et_pb_old_content":"","_et_gb_content_width":""},"categories":[4],"tags":[],"aioseo_notices":[],"_links":{"self":[{"href":"https:\/\/www.obispado-mdp.org.ar\/a\/wp-json\/wp\/v2\/posts\/41689"}],"collection":[{"href":"https:\/\/www.obispado-mdp.org.ar\/a\/wp-json\/wp\/v2\/posts"}],"about":[{"href":"https:\/\/www.obispado-mdp.org.ar\/a\/wp-json\/wp\/v2\/types\/post"}],"author":[{"embeddable":true,"href":"https:\/\/www.obispado-mdp.org.ar\/a\/wp-json\/wp\/v2\/users\/4"}],"replies":[{"embeddable":true,"href":"https:\/\/www.obispado-mdp.org.ar\/a\/wp-json\/wp\/v2\/comments?post=41689"}],"version-history":[{"count":3,"href":"https:\/\/www.obispado-mdp.org.ar\/a\/wp-json\/wp\/v2\/posts\/41689\/revisions"}],"predecessor-version":[{"id":41702,"href":"https:\/\/www.obispado-mdp.org.ar\/a\/wp-json\/wp\/v2\/posts\/41689\/revisions\/41702"}],"wp:featuredmedia":[{"embeddable":true,"href":"https:\/\/www.obispado-mdp.org.ar\/a\/wp-json\/wp\/v2\/media\/41697"}],"wp:attachment":[{"href":"https:\/\/www.obispado-mdp.org.ar\/a\/wp-json\/wp\/v2\/media?parent=41689"}],"wp:term":[{"taxonomy":"category","embeddable":true,"href":"https:\/\/www.obispado-mdp.org.ar\/a\/wp-json\/wp\/v2\/categories?post=41689"},{"taxonomy":"post_tag","embeddable":true,"href":"https:\/\/www.obispado-mdp.org.ar\/a\/wp-json\/wp\/v2\/tags?post=41689"}],"curies":[{"name":"wp","href":"https:\/\/api.w.org\/{rel}","templated":true}]}}