{"id":41724,"date":"2023-09-25T09:49:15","date_gmt":"2023-09-25T12:49:15","guid":{"rendered":"https:\/\/www.obispado-mdp.org.ar\/a\/?p=41724"},"modified":"2023-09-25T09:51:05","modified_gmt":"2023-09-25T12:51:05","slug":"fin-de-esta-hermosa-invasion-de-pueblos-2023","status":"publish","type":"post","link":"https:\/\/www.obispado-mdp.org.ar\/a\/fin-de-esta-hermosa-invasion-de-pueblos-2023\/","title":{"rendered":"FIN DE ESTA HERMOSA INVASI\u00d3N DE PUEBLOS 2023."},"content":{"rendered":"\n<p class=\"has-pale-cyan-blue-background-color has-background\"><strong>Finaliz\u00f3 la 55 Invasi\u00f3n de Pueblos en Villa Gesell donde m\u00e1s de 700 j\u00f3venes de toda la di\u00f3cesis se sumaron a la movida juvenil diocesana bajo el llema \u00abFe que transforma, vida que florece\u00bb. Misa de cierre.<\/strong> Cr\u00f3nica de Majo Gonzalez del MJD.<\/p>\n\n\n\n<p>El dia domingo luego del desayuno se realiz\u00f3 un via crucis muy hermoso, conociendo muchos puntos emotivos de Villa Gesell. Pasamos por uno de los lugares mas oscuros de Gesell que fue el lugar donde ocurri\u00f3 el terrible asesinato de Fernando Baez Sosa, fu\u00e9 un momento de tristeza y dolor para todos los j\u00f3venes que est\u00e1bamos ah\u00ed presentes.<\/p>\n\n\n\n<p>Luego de ello tuvimos el placer de tener una misa dirigida por nuestro <a><\/a>querido sacerdote Ra\u00fal Escude, el cual se despidi\u00f3 de su cargo como asesor en el Moviniento Juvenil y le dimos la bienvenida a Lucas Dileva, vicario de la parroquia Asunci\u00f3n, qui\u00e9n sera el encargado de ocupar ese rol a partir de hoy.<\/p>\n\n\n\n<p>OTAMENDI 2024<\/p>\n\n\n\n<p>Y eso no es todo, como saben cada a\u00f1o en la misa de despedida se realiza el envi\u00f3 de la nueva Invasi\u00f3n de Pueblos, la cu\u00e1l el a\u00f1o 2024 se realizar\u00e1 los d\u00edas 27,28 y 29 de septiempre en Otamendi.<\/p>\n\n\n\n<p>ESPERAMOS VERLOS A TODOS EL A\u00d1O QUE VIENE<\/p>\n\n\n\n<p><a href=\"https:\/\/www.facebook.com\/hashtag\/invasion56?__eep__=6&amp;__cft__[0]=AZXBecjBGO2eQuCChq2ooeQ5l_Ax2X-PRFZZ_vOEIJxUcE_MUNp9BTKP8R6iggFDCxRu1HfMK0AlKlszi6imqKIRi9ebXSnlG2M331SUCByr_k3YlMEnDPmcRKkz3gavgWKB4Kwd3cAW8_N3CiHQGQYANJgvxZGWQe0ue8TuyG8g33Q0ZA9YbIECJoIS4wZKbxw&amp;__tn__=*NK-R\">#INVASION56<\/a><\/p>\n\n\n\n<p>Cr\u00f3nica: Majo Gonz\u00e1lez<\/p>\n\n\n\n<figure class=\"wp-container-2 wp-block-gallery-1 wp-block-gallery has-nested-images columns-default is-cropped\">\n<figure class=\"wp-block-image size-large\"><img loading=\"lazy\" width=\"768\" height=\"1024\" data-id=\"41728\"  src=\"https:\/\/www.obispado-mdp.org.ar\/a\/wp-content\/uploads\/2023\/09\/4b3cd72e-c85e-4836-8f33-7ace49537e10-768x1024.jpg\" alt=\"\" class=\"wp-image-41728\"\/><\/figure>\n\n\n\n<figure class=\"wp-block-image size-large\"><img loading=\"lazy\" width=\"768\" height=\"1024\" data-id=\"41725\"  src=\"https:\/\/www.obispado-mdp.org.ar\/a\/wp-content\/uploads\/2023\/09\/9ea942b7-5a72-4a03-9605-0da1c29232d7-768x1024.jpg\" alt=\"\" class=\"wp-image-41725\"\/><\/figure>\n\n\n\n<figure class=\"wp-block-image size-large\"><img loading=\"lazy\" width=\"768\" height=\"1024\" data-id=\"41727\"  src=\"https:\/\/www.obispado-mdp.org.ar\/a\/wp-content\/uploads\/2023\/09\/357fcb1d-b227-4fa2-83ec-5f102b176447-768x1024.jpg\" alt=\"\" class=\"wp-image-41727\"\/><\/figure>\n\n\n\n<figure class=\"wp-block-image size-large\"><img loading=\"lazy\" width=\"1024\" height=\"768\" data-id=\"41730\"  src=\"https:\/\/www.obispado-mdp.org.ar\/a\/wp-content\/uploads\/2023\/09\/b0bae970-798c-4234-82a0-67ecfbdb427d-1024x768.jpg\" alt=\"\" class=\"wp-image-41730\"\/><\/figure>\n\n\n\n<figure class=\"wp-block-image size-large\"><img loading=\"lazy\" width=\"1024\" height=\"768\" data-id=\"41729\"  src=\"https:\/\/www.obispado-mdp.org.ar\/a\/wp-content\/uploads\/2023\/09\/b8abf069-4583-4f1b-9ed4-c216b7d13db2-1024x768.jpg\" alt=\"\" class=\"wp-image-41729\"\/><\/figure>\n\n\n\n<figure class=\"wp-block-image size-large\"><img loading=\"lazy\" width=\"1024\" height=\"710\" data-id=\"41726\"  src=\"https:\/\/www.obispado-mdp.org.ar\/a\/wp-content\/uploads\/2023\/09\/cc24ba92-c38f-4e04-a6f7-4544450e79de-1-1024x710.jpg\" alt=\"\" class=\"wp-image-41726\"\/><\/figure>\n<\/figure>\n\n\n\n<figure class=\"wp-block-image size-large\"><img loading=\"lazy\" width=\"768\" height=\"1024\" src=\"https:\/\/www.obispado-mdp.org.ar\/a\/wp-content\/uploads\/2023\/09\/690075f1-4115-4494-8013-29b56a92137c-768x1024.jpg\" alt=\"\" class=\"wp-image-41731\"\/><\/figure>\n","protected":false},"excerpt":{"rendered":"<p>Finaliz\u00f3 la 55 Invasi\u00f3n de Pueblos en Villa Gesell donde m\u00e1s de 700 j\u00f3venes de toda la di\u00f3cesis se sumaron a la movida juvenil diocesana bajo el llema \u00abFe que transforma, vida que florece\u00bb. Misa de cierre. Cr\u00f3nica de Majo Gonzalez del MJD. El dia domingo luego del desayuno se realiz\u00f3 un via crucis muy [&hellip;]<\/p>\n","protected":false},"author":4,"featured_media":41732,"comment_status":"open","ping_status":"open","sticky":false,"template":"","format":"standard","meta":{"_et_pb_use_builder":"","_et_pb_old_content":"","_et_gb_content_width":""},"categories":[4],"tags":[],"aioseo_notices":[],"_links":{"self":[{"href":"https:\/\/www.obispado-mdp.org.ar\/a\/wp-json\/wp\/v2\/posts\/41724"}],"collection":[{"href":"https:\/\/www.obispado-mdp.org.ar\/a\/wp-json\/wp\/v2\/posts"}],"about":[{"href":"https:\/\/www.obispado-mdp.org.ar\/a\/wp-json\/wp\/v2\/types\/post"}],"author":[{"embeddable":true,"href":"https:\/\/www.obispado-mdp.org.ar\/a\/wp-json\/wp\/v2\/users\/4"}],"replies":[{"embeddable":true,"href":"https:\/\/www.obispado-mdp.org.ar\/a\/wp-json\/wp\/v2\/comments?post=41724"}],"version-history":[{"count":3,"href":"https:\/\/www.obispado-mdp.org.ar\/a\/wp-json\/wp\/v2\/posts\/41724\/revisions"}],"predecessor-version":[{"id":41735,"href":"https:\/\/www.obispado-mdp.org.ar\/a\/wp-json\/wp\/v2\/posts\/41724\/revisions\/41735"}],"wp:featuredmedia":[{"embeddable":true,"href":"https:\/\/www.obispado-mdp.org.ar\/a\/wp-json\/wp\/v2\/media\/41732"}],"wp:attachment":[{"href":"https:\/\/www.obispado-mdp.org.ar\/a\/wp-json\/wp\/v2\/media?parent=41724"}],"wp:term":[{"taxonomy":"category","embeddable":true,"href":"https:\/\/www.obispado-mdp.org.ar\/a\/wp-json\/wp\/v2\/categories?post=41724"},{"taxonomy":"post_tag","embeddable":true,"href":"https:\/\/www.obispado-mdp.org.ar\/a\/wp-json\/wp\/v2\/tags?post=41724"}],"curies":[{"name":"wp","href":"https:\/\/api.w.org\/{rel}","templated":true}]}}