{"id":41741,"date":"2023-09-25T17:25:43","date_gmt":"2023-09-25T20:25:43","guid":{"rendered":"https:\/\/www.obispado-mdp.org.ar\/a\/?p=41741"},"modified":"2023-09-25T17:35:19","modified_gmt":"2023-09-25T20:35:19","slug":"oracion-en-la-espera-del-nuevo-obispo","status":"publish","type":"post","link":"https:\/\/www.obispado-mdp.org.ar\/a\/oracion-en-la-espera-del-nuevo-obispo\/","title":{"rendered":"ORACI\u00d3N EN LA ESPERA DEL NUEVO OBISPO."},"content":{"rendered":"\n<p class=\"has-pale-cyan-blue-background-color has-background\"><strong>Damos a conocer la oraci\u00f3n que nos ayuda a preparar nuestros corazones para recibir al nuevo obispo que el Papa Francisco disponga para la diocesis.<\/strong><\/p>\n\n\n\n<p>Te rogamos Padre que des a tu iglesia de Mar del Plata<\/p>\n\n\n\n<p>un obispo seg\u00fan el coraz\u00f3n de tu Hijo, Jes\u00fas.<\/p>\n\n\n\n<p>Que sea un pastor bueno<\/p>\n\n\n\n<p>que camine junto a nosotros,<\/p>\n\n\n\n<p>nos ayude a discernir tu Palabra<\/p>\n\n\n\n<p>y nos re\u00fana en la fracci\u00f3n del pan.<\/p>\n\n\n\n<p>Que sea un pastor bueno<\/p>\n\n\n\n<p>que camine delante de nosotros, anim\u00e1ndonos en el Esp\u00edritu,<\/p>\n\n\n\n<p>como misioneros de esperanza.<\/p>\n\n\n\n<p>Que sea un pastor bueno<\/p>\n\n\n\n<p>que camine detr\u00e1s de nosotros, cargando sobre s\u00ed<\/p>\n\n\n\n<p>a los pobres, d\u00e9biles&nbsp; y sufrientes.<\/p>\n\n\n\n<p>Te lo pedimos por intercesi\u00f3n de la Virgen Mar\u00eda,<\/p>\n\n\n\n<p>Madre de la Iglesia, y de santa Cecilia.<\/p>\n\n\n\n<p>Am\u00e9n<\/p>\n\n\n\n<figure class=\"wp-block-image size-large\"><img loading=\"lazy\" width=\"862\" height=\"1024\" src=\"https:\/\/www.obispado-mdp.org.ar\/a\/wp-content\/uploads\/2023\/09\/oracion-por-el-nuevo-obispo-862x1024.jpg\" alt=\"\" class=\"wp-image-41742\"\/><\/figure>\n","protected":false},"excerpt":{"rendered":"<p>Damos a conocer la oraci\u00f3n que nos ayuda a preparar nuestros corazones para recibir al nuevo obispo que el Papa Francisco disponga para la diocesis. Te rogamos Padre que des a tu iglesia de Mar del Plata un obispo seg\u00fan el coraz\u00f3n de tu Hijo, Jes\u00fas. Que sea un pastor bueno que camine junto a [&hellip;]<\/p>\n","protected":false},"author":4,"featured_media":41743,"comment_status":"open","ping_status":"open","sticky":false,"template":"","format":"standard","meta":{"_et_pb_use_builder":"","_et_pb_old_content":"","_et_gb_content_width":""},"categories":[4],"tags":[],"aioseo_notices":[],"_links":{"self":[{"href":"https:\/\/www.obispado-mdp.org.ar\/a\/wp-json\/wp\/v2\/posts\/41741"}],"collection":[{"href":"https:\/\/www.obispado-mdp.org.ar\/a\/wp-json\/wp\/v2\/posts"}],"about":[{"href":"https:\/\/www.obispado-mdp.org.ar\/a\/wp-json\/wp\/v2\/types\/post"}],"author":[{"embeddable":true,"href":"https:\/\/www.obispado-mdp.org.ar\/a\/wp-json\/wp\/v2\/users\/4"}],"replies":[{"embeddable":true,"href":"https:\/\/www.obispado-mdp.org.ar\/a\/wp-json\/wp\/v2\/comments?post=41741"}],"version-history":[{"count":4,"href":"https:\/\/www.obispado-mdp.org.ar\/a\/wp-json\/wp\/v2\/posts\/41741\/revisions"}],"predecessor-version":[{"id":41751,"href":"https:\/\/www.obispado-mdp.org.ar\/a\/wp-json\/wp\/v2\/posts\/41741\/revisions\/41751"}],"wp:featuredmedia":[{"embeddable":true,"href":"https:\/\/www.obispado-mdp.org.ar\/a\/wp-json\/wp\/v2\/media\/41743"}],"wp:attachment":[{"href":"https:\/\/www.obispado-mdp.org.ar\/a\/wp-json\/wp\/v2\/media?parent=41741"}],"wp:term":[{"taxonomy":"category","embeddable":true,"href":"https:\/\/www.obispado-mdp.org.ar\/a\/wp-json\/wp\/v2\/categories?post=41741"},{"taxonomy":"post_tag","embeddable":true,"href":"https:\/\/www.obispado-mdp.org.ar\/a\/wp-json\/wp\/v2\/tags?post=41741"}],"curies":[{"name":"wp","href":"https:\/\/api.w.org\/{rel}","templated":true}]}}