{"id":41754,"date":"2023-09-29T17:00:33","date_gmt":"2023-09-29T20:00:33","guid":{"rendered":"https:\/\/www.obispado-mdp.org.ar\/a\/?p=41754"},"modified":"2023-09-29T17:00:35","modified_gmt":"2023-09-29T20:00:35","slug":"bendicion-en-los-130-anos-del-ine","status":"publish","type":"post","link":"https:\/\/www.obispado-mdp.org.ar\/a\/bendicion-en-los-130-anos-del-ine\/","title":{"rendered":"BENDICI\u00d3N EN LOS 130 A\u00d1OS DEL INE."},"content":{"rendered":"\n<p class=\"has-pale-cyan-blue-background-color has-background\"><strong>El administrador diocesano P Luis Alb\u00f3niga bendijo a los m\u00e9dicos, investigadores, docentes, personal, alumnos y jubilados del Institutito Nacional de Epidemiologia en los 130 a\u00f1os de su fundaci\u00f3n.<\/strong> <strong>Invito a \u00abpreserar su valor patrimonial y espiritual\u00bb<\/strong>.<\/p>\n\n\n\n<p><br>En la Capilla Nuestra Se\u00f1ora del Huerto, el Padre Luis Alb\u00f3niga junto al padre Cao bendijeron esta ma\u00f1ana a las personas, instalaciones y laboratorios del INE. El P Luis, saludo a la personas y destaco la labor de todas las mujeres y hombres que trabajan en este emblem\u00e1tico e hist\u00f3rico Instituto. <\/p>\n\n\n\n<p>A la vez, resalt\u00f3 la importancia hist\u00f3rica para la ciudad, ya que \u201c<strong>el INE forma parte de la fundaci\u00f3n de la ciudad y apena 20 a\u00f1os despu\u00e9s de su inauguraci\u00f3n, se erigi\u00f3 la capilla de las Hermans del Huerto que es tambi\u00e9n un patrimonio arquitect\u00f3nico local porque fue construida por el arq. Ingles Walter Bassett Smith con un estilo muy reconocido y estudiado por sus caracter\u00edsticas propias de la \u00e9poca<\/strong>\u201d. Tambi\u00e9n el sacerdote se refiri\u00f3 al valor religioso de esa capilla a ra\u00edz de que \u201c<strong>en la d\u00e9cada del \u201920, Mar\u00eda Ang\u00e9lica P\u00e9rez o Sor Crescencia cumpli\u00f3 una dif\u00edcil misi\u00f3n en Mar del Plata: cuidar a enfermos de tuberculosis. La religiosa contrajo ese mal y muri\u00f3. Hoy es beata y se encuentra en proceso de santificaci\u00f3n. Este es un lugar de peregrinaci\u00f3n porque aqu\u00ed vivi\u00f3 y rezo la beata Hna. Crescencia Perez<\/strong>\u201d. <\/p>\n\n\n\n<p>Por \u00faltimo, el administrador diocesano agradeci\u00f3 el servicio a la salud de todos los presentes y los invito a \u201cpreservar la memoria de los antecesores que hicieron grande esta obra hospitalaria, caritativa y religiosa en el INE\u201d<\/p>\n\n\n\n<figure class=\"wp-container-2 wp-block-gallery-1 wp-block-gallery has-nested-images columns-default is-cropped\">\n<figure class=\"wp-block-image size-large\"><img loading=\"lazy\" width=\"1024\" height=\"768\" data-id=\"41759\"  src=\"https:\/\/www.obispado-mdp.org.ar\/a\/wp-content\/uploads\/2023\/09\/94c46b34-a7d2-4daf-8056-df030033419a-1024x768.jpg\" alt=\"\" class=\"wp-image-41759\"\/><\/figure>\n\n\n\n<figure class=\"wp-block-image size-large\"><img loading=\"lazy\" width=\"1024\" height=\"768\" data-id=\"41760\"  src=\"https:\/\/www.obispado-mdp.org.ar\/a\/wp-content\/uploads\/2023\/09\/98de3eaf-3b37-4660-b596-16480848ca75-1024x768.jpg\" alt=\"\" class=\"wp-image-41760\"\/><\/figure>\n\n\n\n<figure class=\"wp-block-image size-large\"><img loading=\"lazy\" width=\"1024\" height=\"768\" data-id=\"41757\"  src=\"https:\/\/www.obispado-mdp.org.ar\/a\/wp-content\/uploads\/2023\/09\/325ee2b3-7c00-405a-92ac-2eebe65b340e-1024x768.jpg\" alt=\"\" class=\"wp-image-41757\"\/><\/figure>\n\n\n\n<figure class=\"wp-block-image size-large\"><img loading=\"lazy\" width=\"1024\" height=\"768\" data-id=\"41762\"  src=\"https:\/\/www.obispado-mdp.org.ar\/a\/wp-content\/uploads\/2023\/09\/0436df24-6a05-4d80-8521-616842cdd3c1-1024x768.jpg\" alt=\"\" class=\"wp-image-41762\"\/><\/figure>\n\n\n\n<figure class=\"wp-block-image size-large\"><img loading=\"lazy\" width=\"768\" height=\"1024\" data-id=\"41758\"  src=\"https:\/\/www.obispado-mdp.org.ar\/a\/wp-content\/uploads\/2023\/09\/10929dfb-0378-4c4b-8630-13d7e326c314-768x1024.jpg\" alt=\"\" class=\"wp-image-41758\"\/><\/figure>\n\n\n\n<figure class=\"wp-block-image size-large\"><img loading=\"lazy\" width=\"1024\" height=\"671\" data-id=\"41755\"  src=\"https:\/\/www.obispado-mdp.org.ar\/a\/wp-content\/uploads\/2023\/09\/44995da8-90ba-4d0e-b7d1-2c4ed2a6f644-1024x671.jpg\" alt=\"\" class=\"wp-image-41755\"\/><\/figure>\n\n\n\n<figure class=\"wp-block-image size-large\"><img loading=\"lazy\" width=\"1024\" height=\"768\" data-id=\"41756\"  src=\"https:\/\/www.obispado-mdp.org.ar\/a\/wp-content\/uploads\/2023\/09\/93602561-515d-4a21-9147-1129b7d8a213-1024x768.jpg\" alt=\"\" class=\"wp-image-41756\"\/><\/figure>\n\n\n\n<figure class=\"wp-block-image size-large\"><img loading=\"lazy\" width=\"1024\" height=\"768\" data-id=\"41761\"  src=\"https:\/\/www.obispado-mdp.org.ar\/a\/wp-content\/uploads\/2023\/09\/b5fcefba-db4e-4b63-938d-1239e92b69d8-1024x768.jpg\" alt=\"\" class=\"wp-image-41761\"\/><\/figure>\n<\/figure>\n","protected":false},"excerpt":{"rendered":"<p>El administrador diocesano P Luis Alb\u00f3niga bendijo a los m\u00e9dicos, investigadores, docentes, personal, alumnos y jubilados del Institutito Nacional de Epidemiologia en los 130 a\u00f1os de su fundaci\u00f3n. Invito a \u00abpreserar su valor patrimonial y espiritual\u00bb. En la Capilla Nuestra Se\u00f1ora del Huerto, el Padre Luis Alb\u00f3niga junto al padre Cao bendijeron esta ma\u00f1ana a [&hellip;]<\/p>\n","protected":false},"author":4,"featured_media":41763,"comment_status":"open","ping_status":"open","sticky":false,"template":"","format":"standard","meta":{"_et_pb_use_builder":"","_et_pb_old_content":"","_et_gb_content_width":""},"categories":[4],"tags":[],"aioseo_notices":[],"_links":{"self":[{"href":"https:\/\/www.obispado-mdp.org.ar\/a\/wp-json\/wp\/v2\/posts\/41754"}],"collection":[{"href":"https:\/\/www.obispado-mdp.org.ar\/a\/wp-json\/wp\/v2\/posts"}],"about":[{"href":"https:\/\/www.obispado-mdp.org.ar\/a\/wp-json\/wp\/v2\/types\/post"}],"author":[{"embeddable":true,"href":"https:\/\/www.obispado-mdp.org.ar\/a\/wp-json\/wp\/v2\/users\/4"}],"replies":[{"embeddable":true,"href":"https:\/\/www.obispado-mdp.org.ar\/a\/wp-json\/wp\/v2\/comments?post=41754"}],"version-history":[{"count":1,"href":"https:\/\/www.obispado-mdp.org.ar\/a\/wp-json\/wp\/v2\/posts\/41754\/revisions"}],"predecessor-version":[{"id":41764,"href":"https:\/\/www.obispado-mdp.org.ar\/a\/wp-json\/wp\/v2\/posts\/41754\/revisions\/41764"}],"wp:featuredmedia":[{"embeddable":true,"href":"https:\/\/www.obispado-mdp.org.ar\/a\/wp-json\/wp\/v2\/media\/41763"}],"wp:attachment":[{"href":"https:\/\/www.obispado-mdp.org.ar\/a\/wp-json\/wp\/v2\/media?parent=41754"}],"wp:term":[{"taxonomy":"category","embeddable":true,"href":"https:\/\/www.obispado-mdp.org.ar\/a\/wp-json\/wp\/v2\/categories?post=41754"},{"taxonomy":"post_tag","embeddable":true,"href":"https:\/\/www.obispado-mdp.org.ar\/a\/wp-json\/wp\/v2\/tags?post=41754"}],"curies":[{"name":"wp","href":"https:\/\/api.w.org\/{rel}","templated":true}]}}