{"id":41767,"date":"2023-09-30T16:26:35","date_gmt":"2023-09-30T19:26:35","guid":{"rendered":"https:\/\/www.obispado-mdp.org.ar\/a\/?p=41767"},"modified":"2023-09-30T19:31:34","modified_gmt":"2023-09-30T22:31:34","slug":"la-diocesis-peregrina-a-lujan","status":"publish","type":"post","link":"https:\/\/www.obispado-mdp.org.ar\/a\/la-diocesis-peregrina-a-lujan\/","title":{"rendered":"LA DIOCESIS PEREGRINA A LUJAN."},"content":{"rendered":"\n<p>M\u00e1s de 300 peregrinos de la di\u00f3cesis ya est\u00e1n marchando rumbo a Luj\u00e1n para llevar las intenciones de todos nosotros. El administrador Diocesano, P Luis Alb\u00f3ndiga bendijo a los peregrinos! <br>Los seminaristas de MdP tambi\u00e9n se sumaron a la delagaci\u00f3n.<\/p>\n\n\n\n<figure class=\"wp-block-video\"><video controls src=\"https:\/\/www.obispado-mdp.org.ar\/a\/wp-content\/uploads\/2023\/09\/WhatsApp-Video-2023-09-30-at-13.28.22.mp4\"><\/video><\/figure>\n","protected":false},"excerpt":{"rendered":"<p>M\u00e1s de 300 peregrinos de la di\u00f3cesis ya est\u00e1n marchando rumbo a Luj\u00e1n para llevar las intenciones de todos nosotros. El administrador Diocesano, P Luis Alb\u00f3ndiga bendijo a los peregrinos! Los seminaristas de MdP tambi\u00e9n se sumaron a la delagaci\u00f3n.<\/p>\n","protected":false},"author":4,"featured_media":41769,"comment_status":"open","ping_status":"open","sticky":false,"template":"","format":"standard","meta":{"_et_pb_use_builder":"","_et_pb_old_content":"","_et_gb_content_width":""},"categories":[4],"tags":[],"aioseo_notices":[],"_links":{"self":[{"href":"https:\/\/www.obispado-mdp.org.ar\/a\/wp-json\/wp\/v2\/posts\/41767"}],"collection":[{"href":"https:\/\/www.obispado-mdp.org.ar\/a\/wp-json\/wp\/v2\/posts"}],"about":[{"href":"https:\/\/www.obispado-mdp.org.ar\/a\/wp-json\/wp\/v2\/types\/post"}],"author":[{"embeddable":true,"href":"https:\/\/www.obispado-mdp.org.ar\/a\/wp-json\/wp\/v2\/users\/4"}],"replies":[{"embeddable":true,"href":"https:\/\/www.obispado-mdp.org.ar\/a\/wp-json\/wp\/v2\/comments?post=41767"}],"version-history":[{"count":1,"href":"https:\/\/www.obispado-mdp.org.ar\/a\/wp-json\/wp\/v2\/posts\/41767\/revisions"}],"predecessor-version":[{"id":41770,"href":"https:\/\/www.obispado-mdp.org.ar\/a\/wp-json\/wp\/v2\/posts\/41767\/revisions\/41770"}],"wp:featuredmedia":[{"embeddable":true,"href":"https:\/\/www.obispado-mdp.org.ar\/a\/wp-json\/wp\/v2\/media\/41769"}],"wp:attachment":[{"href":"https:\/\/www.obispado-mdp.org.ar\/a\/wp-json\/wp\/v2\/media?parent=41767"}],"wp:term":[{"taxonomy":"category","embeddable":true,"href":"https:\/\/www.obispado-mdp.org.ar\/a\/wp-json\/wp\/v2\/categories?post=41767"},{"taxonomy":"post_tag","embeddable":true,"href":"https:\/\/www.obispado-mdp.org.ar\/a\/wp-json\/wp\/v2\/tags?post=41767"}],"curies":[{"name":"wp","href":"https:\/\/api.w.org\/{rel}","templated":true}]}}