{"id":41771,"date":"2023-10-02T16:04:29","date_gmt":"2023-10-02T19:04:29","guid":{"rendered":"https:\/\/www.obispado-mdp.org.ar\/a\/?p=41771"},"modified":"2023-10-02T16:10:21","modified_gmt":"2023-10-02T19:10:21","slug":"por-una-iglesa-sinodal-comunion-participacion-y-mision","status":"publish","type":"post","link":"https:\/\/www.obispado-mdp.org.ar\/a\/por-una-iglesa-sinodal-comunion-participacion-y-mision\/","title":{"rendered":"POR UNA IGLESA SINODAL: COMUNI\u00d3N, PARTICIPACI\u00d3N Y MISI\u00d3N."},"content":{"rendered":"\n<p class=\"has-pale-cyan-blue-background-color has-background\"><strong>Administrador Diocesano, P. Luis Alb\u00f3niga, invita a toda la di\u00f3cesis a la oraci\u00f3n por el S\u00ednodo de Obispos de Roma.<\/strong><\/p>\n\n\n\n<p>El mensaje dice: \u201cQuerida comunidad, dentro de pocos d\u00edas, el mi\u00e9rcoles 4 de octubre, el Santo Padre inaugurar\u00e1 la primera sesi\u00f3n de la XVI Asamblea General del S\u00ednodo de los Obispos \u201cPor una iglesia sinodal: comuni\u00f3n, participaci\u00f3n y misi\u00f3n\u201d. Por esto les pido que nos unamos en oraci\u00f3n con toda la iglesia pidiendo por la fecundidad de este acontecimiento eclesial. <\/p>\n\n\n\n<p>Pidamos al Esp\u00edritu Santo que inspire a cuantos participan de la Asamblea\u00bb.<\/p>\n\n\n\n<p> Firma el P. Luis Alb\u00f3niga, Administrador Diocesano.<\/p>\n","protected":false},"excerpt":{"rendered":"<p>Administrador Diocesano, P. Luis Alb\u00f3niga, invita a toda la di\u00f3cesis a la oraci\u00f3n por el S\u00ednodo de Obispos de Roma. El mensaje dice: \u201cQuerida comunidad, dentro de pocos d\u00edas, el mi\u00e9rcoles 4 de octubre, el Santo Padre inaugurar\u00e1 la primera sesi\u00f3n de la XVI Asamblea General del S\u00ednodo de los Obispos \u201cPor una iglesia sinodal: [&hellip;]<\/p>\n","protected":false},"author":4,"featured_media":41772,"comment_status":"open","ping_status":"open","sticky":false,"template":"","format":"standard","meta":{"_et_pb_use_builder":"","_et_pb_old_content":"","_et_gb_content_width":""},"categories":[4],"tags":[],"aioseo_notices":[],"_links":{"self":[{"href":"https:\/\/www.obispado-mdp.org.ar\/a\/wp-json\/wp\/v2\/posts\/41771"}],"collection":[{"href":"https:\/\/www.obispado-mdp.org.ar\/a\/wp-json\/wp\/v2\/posts"}],"about":[{"href":"https:\/\/www.obispado-mdp.org.ar\/a\/wp-json\/wp\/v2\/types\/post"}],"author":[{"embeddable":true,"href":"https:\/\/www.obispado-mdp.org.ar\/a\/wp-json\/wp\/v2\/users\/4"}],"replies":[{"embeddable":true,"href":"https:\/\/www.obispado-mdp.org.ar\/a\/wp-json\/wp\/v2\/comments?post=41771"}],"version-history":[{"count":3,"href":"https:\/\/www.obispado-mdp.org.ar\/a\/wp-json\/wp\/v2\/posts\/41771\/revisions"}],"predecessor-version":[{"id":42769,"href":"https:\/\/www.obispado-mdp.org.ar\/a\/wp-json\/wp\/v2\/posts\/41771\/revisions\/42769"}],"wp:featuredmedia":[{"embeddable":true,"href":"https:\/\/www.obispado-mdp.org.ar\/a\/wp-json\/wp\/v2\/media\/41772"}],"wp:attachment":[{"href":"https:\/\/www.obispado-mdp.org.ar\/a\/wp-json\/wp\/v2\/media?parent=41771"}],"wp:term":[{"taxonomy":"category","embeddable":true,"href":"https:\/\/www.obispado-mdp.org.ar\/a\/wp-json\/wp\/v2\/categories?post=41771"},{"taxonomy":"post_tag","embeddable":true,"href":"https:\/\/www.obispado-mdp.org.ar\/a\/wp-json\/wp\/v2\/tags?post=41771"}],"curies":[{"name":"wp","href":"https:\/\/api.w.org\/{rel}","templated":true}]}}