{"id":41776,"date":"2023-10-03T09:38:26","date_gmt":"2023-10-03T12:38:26","guid":{"rendered":"https:\/\/www.obispado-mdp.org.ar\/a\/?p=41776"},"modified":"2023-10-03T17:38:11","modified_gmt":"2023-10-03T20:38:11","slug":"esperando-al-nuevo-pastor","status":"publish","type":"post","link":"https:\/\/www.obispado-mdp.org.ar\/a\/esperando-al-nuevo-pastor\/","title":{"rendered":"ESPERANDO AL NUEVO PASTOR."},"content":{"rendered":"\n<p class=\"has-luminous-vivid-amber-background-color has-background\"><strong>En este tiempo de oraci\u00f3n y preparando nuestros corazones para la llegada del nuevo obispo, ofrecemos algunas reflexiones sobre las funciones de un pastor que guie nuestra di\u00f3cesis. Comenzamos a publicar una serie de frases en espera de nuestro nuevo obispo.<\/strong><\/p>\n\n\n\n<p>1 &#8211; Los Obispos, que por instituci\u00f3n divina son los sucesores de los Ap\u00f3stoles, en virtud del Esp\u00edritu Santo que se les ha dado, son constituidos como Pastores en la Iglesia para que tambi\u00e9n ellos sean maestros de la doctrina, sacerdotes del culto sagrado y ministros para el gobierno. Cf. C\u00f3digo de Derecho Can\u00f3nico c\u00e1n 375 \u00a7 1.<\/p>\n\n\n\n<figure class=\"wp-block-image size-large\"><img loading=\"lazy\" width=\"1024\" height=\"1024\" src=\"https:\/\/www.obispado-mdp.org.ar\/a\/wp-content\/uploads\/2023\/10\/1-1024x1024.jpg\" alt=\"\" class=\"wp-image-41777\"\/><\/figure>\n","protected":false},"excerpt":{"rendered":"<p>En este tiempo de oraci\u00f3n y preparando nuestros corazones para la llegada del nuevo obispo, ofrecemos algunas reflexiones sobre las funciones de un pastor que guie nuestra di\u00f3cesis. Comenzamos a publicar una serie de frases en espera de nuestro nuevo obispo. 1 &#8211; Los Obispos, que por instituci\u00f3n divina son los sucesores de los Ap\u00f3stoles, [&hellip;]<\/p>\n","protected":false},"author":4,"featured_media":41780,"comment_status":"open","ping_status":"open","sticky":false,"template":"","format":"standard","meta":{"_et_pb_use_builder":"","_et_pb_old_content":"","_et_gb_content_width":""},"categories":[4],"tags":[],"aioseo_notices":[],"_links":{"self":[{"href":"https:\/\/www.obispado-mdp.org.ar\/a\/wp-json\/wp\/v2\/posts\/41776"}],"collection":[{"href":"https:\/\/www.obispado-mdp.org.ar\/a\/wp-json\/wp\/v2\/posts"}],"about":[{"href":"https:\/\/www.obispado-mdp.org.ar\/a\/wp-json\/wp\/v2\/types\/post"}],"author":[{"embeddable":true,"href":"https:\/\/www.obispado-mdp.org.ar\/a\/wp-json\/wp\/v2\/users\/4"}],"replies":[{"embeddable":true,"href":"https:\/\/www.obispado-mdp.org.ar\/a\/wp-json\/wp\/v2\/comments?post=41776"}],"version-history":[{"count":1,"href":"https:\/\/www.obispado-mdp.org.ar\/a\/wp-json\/wp\/v2\/posts\/41776\/revisions"}],"predecessor-version":[{"id":41779,"href":"https:\/\/www.obispado-mdp.org.ar\/a\/wp-json\/wp\/v2\/posts\/41776\/revisions\/41779"}],"wp:featuredmedia":[{"embeddable":true,"href":"https:\/\/www.obispado-mdp.org.ar\/a\/wp-json\/wp\/v2\/media\/41780"}],"wp:attachment":[{"href":"https:\/\/www.obispado-mdp.org.ar\/a\/wp-json\/wp\/v2\/media?parent=41776"}],"wp:term":[{"taxonomy":"category","embeddable":true,"href":"https:\/\/www.obispado-mdp.org.ar\/a\/wp-json\/wp\/v2\/categories?post=41776"},{"taxonomy":"post_tag","embeddable":true,"href":"https:\/\/www.obispado-mdp.org.ar\/a\/wp-json\/wp\/v2\/tags?post=41776"}],"curies":[{"name":"wp","href":"https:\/\/api.w.org\/{rel}","templated":true}]}}