{"id":41786,"date":"2023-12-04T18:30:00","date_gmt":"2023-12-04T21:30:00","guid":{"rendered":"https:\/\/www.obispado-mdp.org.ar\/a\/?p=41786"},"modified":"2023-10-04T11:07:18","modified_gmt":"2023-10-04T14:07:18","slug":"evangelio-segun-san-lucas-1021-24-2","status":"publish","type":"post","link":"https:\/\/www.obispado-mdp.org.ar\/a\/evangelio-segun-san-lucas-1021-24-2\/","title":{"rendered":"Evangelio seg\u00fan San\u00a0Lucas\u00a010,21-24."},"content":{"rendered":"\n<p>En aquel momento Jes\u00fas se estremeci\u00f3 de gozo, movido por el Esp\u00edritu Santo, y dijo:<br>\u00abTe alabo, Padre, Se\u00f1or del cielo y de la tierra, por haber ocultado estas cosas a los sabios y a los prudentes y haberlas revelado a los peque\u00f1os. S\u00ed, Padre, porque as\u00ed lo has querido.<br>Todo me ha sido dado por mi Padre, y nadie sabe qui\u00e9n es el Hijo, sino el Padre, como nadie sabe qui\u00e9n es el Padre, sino el Hijo y aquel a quien el Hijo se lo quiera revelar\u00bb.<br>Despu\u00e9s, volvi\u00e9ndose hacia sus disc\u00edpulos, Jes\u00fas les dijo a ellos solos: \u00ab\u00a1Felices los ojos que ven lo que ustedes ven!<br>\u00a1Les aseguro que muchos profetas y reyes quisieron ver lo que ustedes ven y no lo vieron, o\u00edr lo que ustedes oyen y no lo oyeron!\u00bb.<\/p>\n\n\n\n<p class=\"has-text-align-right\"><em>Extra\u00eddo de la Biblia: Libro del Pueblo de Dios. <\/em><\/p>\n","protected":false},"excerpt":{"rendered":"<p>En aquel momento Jes\u00fas se estremeci\u00f3 de gozo, movido por el Esp\u00edritu Santo, y dijo:\u00abTe alabo, Padre, Se\u00f1or del cielo y de la tierra, por haber ocultado estas cosas a los sabios y a los prudentes y haberlas revelado a los peque\u00f1os. S\u00ed, Padre, porque as\u00ed lo has querido.Todo me ha sido dado por mi [&hellip;]<\/p>\n","protected":false},"author":3,"featured_media":31452,"comment_status":"open","ping_status":"closed","sticky":false,"template":"","format":"standard","meta":{"_et_pb_use_builder":"off","_et_pb_old_content":"<!-- wp:paragraph -->\n<p> Al atardecer de ese mismo d\u00eda, el primero de la semana, estando cerradas las puertas del lugar donde se encontraban los disc\u00edpulos, por temor a los jud\u00edos, lleg\u00f3 Jes\u00fas y poni\u00e9ndose en medio de ellos, les dijo: \"\u00a1La paz est\u00e9 con ustedes!\".<br>Mientras dec\u00eda esto, les mostr\u00f3 sus manos y su costado. Los disc\u00edpulos se llenaron de alegr\u00eda cuando vieron al Se\u00f1or.<br>Jes\u00fas les dijo de nuevo: \"\u00a1La paz est\u00e9 con ustedes! Como el Padre me envi\u00f3 a m\u00ed, yo tambi\u00e9n los env\u00edo a ustedes\".<br>Al decirles esto, sopl\u00f3 sobre ellos y a\u00f1adi\u00f3: \"Reciban el Esp\u00edritu Santo.<br>Los pecados ser\u00e1n perdonados a los que ustedes se los perdonen, y ser\u00e1n retenidos a los que ustedes se los retengan\". <\/p>\n<!-- \/wp:paragraph -->\n\n<!-- wp:paragraph {\"align\":\"right\"} -->\n<p class=\"has-text-align-right\"><em>Extra\u00eddo de la Biblia: Libro del Pueblo de Dios. <\/em><\/p>\n<!-- \/wp:paragraph -->","_et_gb_content_width":""},"categories":[6],"tags":[],"aioseo_notices":[],"_links":{"self":[{"href":"https:\/\/www.obispado-mdp.org.ar\/a\/wp-json\/wp\/v2\/posts\/41786"}],"collection":[{"href":"https:\/\/www.obispado-mdp.org.ar\/a\/wp-json\/wp\/v2\/posts"}],"about":[{"href":"https:\/\/www.obispado-mdp.org.ar\/a\/wp-json\/wp\/v2\/types\/post"}],"author":[{"embeddable":true,"href":"https:\/\/www.obispado-mdp.org.ar\/a\/wp-json\/wp\/v2\/users\/3"}],"replies":[{"embeddable":true,"href":"https:\/\/www.obispado-mdp.org.ar\/a\/wp-json\/wp\/v2\/comments?post=41786"}],"version-history":[{"count":1,"href":"https:\/\/www.obispado-mdp.org.ar\/a\/wp-json\/wp\/v2\/posts\/41786\/revisions"}],"predecessor-version":[{"id":41787,"href":"https:\/\/www.obispado-mdp.org.ar\/a\/wp-json\/wp\/v2\/posts\/41786\/revisions\/41787"}],"wp:featuredmedia":[{"embeddable":true,"href":"https:\/\/www.obispado-mdp.org.ar\/a\/wp-json\/wp\/v2\/media\/31452"}],"wp:attachment":[{"href":"https:\/\/www.obispado-mdp.org.ar\/a\/wp-json\/wp\/v2\/media?parent=41786"}],"wp:term":[{"taxonomy":"category","embeddable":true,"href":"https:\/\/www.obispado-mdp.org.ar\/a\/wp-json\/wp\/v2\/categories?post=41786"},{"taxonomy":"post_tag","embeddable":true,"href":"https:\/\/www.obispado-mdp.org.ar\/a\/wp-json\/wp\/v2\/tags?post=41786"}],"curies":[{"name":"wp","href":"https:\/\/api.w.org\/{rel}","templated":true}]}}