{"id":41788,"date":"2023-12-05T18:30:00","date_gmt":"2023-12-05T21:30:00","guid":{"rendered":"https:\/\/www.obispado-mdp.org.ar\/a\/?p=41788"},"modified":"2023-10-04T11:08:14","modified_gmt":"2023-10-04T14:08:14","slug":"evangelio-segun-san-mateo-1529-37-2","status":"publish","type":"post","link":"https:\/\/www.obispado-mdp.org.ar\/a\/evangelio-segun-san-mateo-1529-37-2\/","title":{"rendered":"Evangelio seg\u00fan San\u00a0Mateo\u00a015,29-37."},"content":{"rendered":"\n<p>Jes\u00fas lleg\u00f3 a orillas del mar de Galilea y, subiendo a la monta\u00f1a, se sent\u00f3.<br>Una gran multitud acudi\u00f3 a \u00e9l, llevando paral\u00edticos, lisiados, ciegos, mudos y muchos otros enfermos. Los pusieron a sus pies y \u00e9l los cur\u00f3.<br>La multitud se admiraba al ver que los mudos hablaban, los inv\u00e1lidos quedaban curados, los paral\u00edticos caminaban y los ciegos recobraban la vista. Y todos glorificaban al Dios de Israel.<br>Entonces Jes\u00fas llam\u00f3 a sus disc\u00edpulos y les dijo: \u00abMe da pena esta multitud, porque hace tres d\u00edas que est\u00e1n conmigo y no tienen qu\u00e9 comer. No quiero despedirlos en ayunas, porque podr\u00edan desfallecer en el camino\u00bb.<br>Los disc\u00edpulos le dijeron: \u00ab\u00bfY d\u00f3nde podr\u00edamos conseguir en este lugar despoblado bastante cantidad de pan para saciar a tanta gente?\u00bb.<br>Jes\u00fas les dijo: \u00ab\u00bfCu\u00e1ntos panes tienen?\u00bb. Ellos respondieron: \u00abSiete y unos pocos pescados\u00bb.<br>El orden\u00f3 a la multitud que se sentara en el suelo;<br>despu\u00e9s, tom\u00f3 los panes y los pescados, dio gracias, los parti\u00f3 y los dio a los disc\u00edpulos. Y ellos los distribuyeron entre la multitud.<br>Todos comieron hasta saciarse, y con los pedazos que sobraron se llenaron siete canastas.<\/p>\n\n\n\n<p class=\"has-text-align-right\"><em>Extra\u00eddo de la Biblia: Libro del Pueblo de Dios. <\/em><\/p>\n","protected":false},"excerpt":{"rendered":"<p>Jes\u00fas lleg\u00f3 a orillas del mar de Galilea y, subiendo a la monta\u00f1a, se sent\u00f3.Una gran multitud acudi\u00f3 a \u00e9l, llevando paral\u00edticos, lisiados, ciegos, mudos y muchos otros enfermos. Los pusieron a sus pies y \u00e9l los cur\u00f3.La multitud se admiraba al ver que los mudos hablaban, los inv\u00e1lidos quedaban curados, los paral\u00edticos caminaban y [&hellip;]<\/p>\n","protected":false},"author":3,"featured_media":31453,"comment_status":"open","ping_status":"closed","sticky":false,"template":"","format":"standard","meta":{"_et_pb_use_builder":"off","_et_pb_old_content":"<!-- wp:paragraph -->\n<p> Al atardecer de ese mismo d\u00eda, el primero de la semana, estando cerradas las puertas del lugar donde se encontraban los disc\u00edpulos, por temor a los jud\u00edos, lleg\u00f3 Jes\u00fas y poni\u00e9ndose en medio de ellos, les dijo: \"\u00a1La paz est\u00e9 con ustedes!\".<br>Mientras dec\u00eda esto, les mostr\u00f3 sus manos y su costado. Los disc\u00edpulos se llenaron de alegr\u00eda cuando vieron al Se\u00f1or.<br>Jes\u00fas les dijo de nuevo: \"\u00a1La paz est\u00e9 con ustedes! Como el Padre me envi\u00f3 a m\u00ed, yo tambi\u00e9n los env\u00edo a ustedes\".<br>Al decirles esto, sopl\u00f3 sobre ellos y a\u00f1adi\u00f3: \"Reciban el Esp\u00edritu Santo.<br>Los pecados ser\u00e1n perdonados a los que ustedes se los perdonen, y ser\u00e1n retenidos a los que ustedes se los retengan\". <\/p>\n<!-- \/wp:paragraph -->\n\n<!-- wp:paragraph {\"align\":\"right\"} -->\n<p class=\"has-text-align-right\"><em>Extra\u00eddo de la Biblia: Libro del Pueblo de Dios. <\/em><\/p>\n<!-- \/wp:paragraph -->","_et_gb_content_width":""},"categories":[6],"tags":[],"aioseo_notices":[],"_links":{"self":[{"href":"https:\/\/www.obispado-mdp.org.ar\/a\/wp-json\/wp\/v2\/posts\/41788"}],"collection":[{"href":"https:\/\/www.obispado-mdp.org.ar\/a\/wp-json\/wp\/v2\/posts"}],"about":[{"href":"https:\/\/www.obispado-mdp.org.ar\/a\/wp-json\/wp\/v2\/types\/post"}],"author":[{"embeddable":true,"href":"https:\/\/www.obispado-mdp.org.ar\/a\/wp-json\/wp\/v2\/users\/3"}],"replies":[{"embeddable":true,"href":"https:\/\/www.obispado-mdp.org.ar\/a\/wp-json\/wp\/v2\/comments?post=41788"}],"version-history":[{"count":1,"href":"https:\/\/www.obispado-mdp.org.ar\/a\/wp-json\/wp\/v2\/posts\/41788\/revisions"}],"predecessor-version":[{"id":41789,"href":"https:\/\/www.obispado-mdp.org.ar\/a\/wp-json\/wp\/v2\/posts\/41788\/revisions\/41789"}],"wp:featuredmedia":[{"embeddable":true,"href":"https:\/\/www.obispado-mdp.org.ar\/a\/wp-json\/wp\/v2\/media\/31453"}],"wp:attachment":[{"href":"https:\/\/www.obispado-mdp.org.ar\/a\/wp-json\/wp\/v2\/media?parent=41788"}],"wp:term":[{"taxonomy":"category","embeddable":true,"href":"https:\/\/www.obispado-mdp.org.ar\/a\/wp-json\/wp\/v2\/categories?post=41788"},{"taxonomy":"post_tag","embeddable":true,"href":"https:\/\/www.obispado-mdp.org.ar\/a\/wp-json\/wp\/v2\/tags?post=41788"}],"curies":[{"name":"wp","href":"https:\/\/api.w.org\/{rel}","templated":true}]}}