{"id":41790,"date":"2023-12-06T18:30:00","date_gmt":"2023-12-06T21:30:00","guid":{"rendered":"https:\/\/www.obispado-mdp.org.ar\/a\/?p=41790"},"modified":"2023-10-04T11:09:02","modified_gmt":"2023-10-04T14:09:02","slug":"evangelio-segun-san-mateo-721-24-27-3","status":"publish","type":"post","link":"https:\/\/www.obispado-mdp.org.ar\/a\/evangelio-segun-san-mateo-721-24-27-3\/","title":{"rendered":"Evangelio seg\u00fan San\u00a0Mateo\u00a07,21.24-27."},"content":{"rendered":"\n<p>Jes\u00fas dijo a sus disc\u00edpulos:<br>\u00abNo son los que me dicen: &#8216;Se\u00f1or, Se\u00f1or&#8217;, los que entrar\u00e1n en el Reino de los Cielos, sino los que cumplen la voluntad de mi Padre que est\u00e1 en el cielo.<br>As\u00ed, todo el que escucha las palabras que acabo de decir y las pone en pr\u00e1ctica, puede compararse a un hombre sensato que edific\u00f3 su casa sobre roca.<br>Cayeron las lluvias, se precipitaron los torrentes, soplaron los vientos y sacudieron la casa; pero esta no se derrumb\u00f3 porque estaba construida sobre roca.<br>Al contrario, el que escucha mis palabras y no las practica, puede compararse a un hombre insensato, que edific\u00f3 su casa sobre arena.<br>Cayeron las lluvias, se precipitaron los torrentes, soplaron los vientos y sacudieron la casa: esta se derrumb\u00f3, y su ruina fue grande\u00bb.<\/p>\n\n\n\n<p class=\"has-text-align-right\"><em>Extra\u00eddo de la Biblia: Libro del Pueblo de Dios. <\/em><\/p>\n","protected":false},"excerpt":{"rendered":"<p>Jes\u00fas dijo a sus disc\u00edpulos:\u00abNo son los que me dicen: &#8216;Se\u00f1or, Se\u00f1or&#8217;, los que entrar\u00e1n en el Reino de los Cielos, sino los que cumplen la voluntad de mi Padre que est\u00e1 en el cielo.As\u00ed, todo el que escucha las palabras que acabo de decir y las pone en pr\u00e1ctica, puede compararse a un hombre [&hellip;]<\/p>\n","protected":false},"author":3,"featured_media":31450,"comment_status":"open","ping_status":"closed","sticky":false,"template":"","format":"standard","meta":{"_et_pb_use_builder":"off","_et_pb_old_content":"<!-- wp:paragraph -->\n<p> Al atardecer de ese mismo d\u00eda, el primero de la semana, estando cerradas las puertas del lugar donde se encontraban los disc\u00edpulos, por temor a los jud\u00edos, lleg\u00f3 Jes\u00fas y poni\u00e9ndose en medio de ellos, les dijo: \"\u00a1La paz est\u00e9 con ustedes!\".<br>Mientras dec\u00eda esto, les mostr\u00f3 sus manos y su costado. Los disc\u00edpulos se llenaron de alegr\u00eda cuando vieron al Se\u00f1or.<br>Jes\u00fas les dijo de nuevo: \"\u00a1La paz est\u00e9 con ustedes! Como el Padre me envi\u00f3 a m\u00ed, yo tambi\u00e9n los env\u00edo a ustedes\".<br>Al decirles esto, sopl\u00f3 sobre ellos y a\u00f1adi\u00f3: \"Reciban el Esp\u00edritu Santo.<br>Los pecados ser\u00e1n perdonados a los que ustedes se los perdonen, y ser\u00e1n retenidos a los que ustedes se los retengan\". <\/p>\n<!-- \/wp:paragraph -->\n\n<!-- wp:paragraph {\"align\":\"right\"} -->\n<p class=\"has-text-align-right\"><em>Extra\u00eddo de la Biblia: Libro del Pueblo de Dios. <\/em><\/p>\n<!-- \/wp:paragraph -->","_et_gb_content_width":""},"categories":[6],"tags":[],"aioseo_notices":[],"_links":{"self":[{"href":"https:\/\/www.obispado-mdp.org.ar\/a\/wp-json\/wp\/v2\/posts\/41790"}],"collection":[{"href":"https:\/\/www.obispado-mdp.org.ar\/a\/wp-json\/wp\/v2\/posts"}],"about":[{"href":"https:\/\/www.obispado-mdp.org.ar\/a\/wp-json\/wp\/v2\/types\/post"}],"author":[{"embeddable":true,"href":"https:\/\/www.obispado-mdp.org.ar\/a\/wp-json\/wp\/v2\/users\/3"}],"replies":[{"embeddable":true,"href":"https:\/\/www.obispado-mdp.org.ar\/a\/wp-json\/wp\/v2\/comments?post=41790"}],"version-history":[{"count":1,"href":"https:\/\/www.obispado-mdp.org.ar\/a\/wp-json\/wp\/v2\/posts\/41790\/revisions"}],"predecessor-version":[{"id":41791,"href":"https:\/\/www.obispado-mdp.org.ar\/a\/wp-json\/wp\/v2\/posts\/41790\/revisions\/41791"}],"wp:featuredmedia":[{"embeddable":true,"href":"https:\/\/www.obispado-mdp.org.ar\/a\/wp-json\/wp\/v2\/media\/31450"}],"wp:attachment":[{"href":"https:\/\/www.obispado-mdp.org.ar\/a\/wp-json\/wp\/v2\/media?parent=41790"}],"wp:term":[{"taxonomy":"category","embeddable":true,"href":"https:\/\/www.obispado-mdp.org.ar\/a\/wp-json\/wp\/v2\/categories?post=41790"},{"taxonomy":"post_tag","embeddable":true,"href":"https:\/\/www.obispado-mdp.org.ar\/a\/wp-json\/wp\/v2\/tags?post=41790"}],"curies":[{"name":"wp","href":"https:\/\/api.w.org\/{rel}","templated":true}]}}