{"id":41796,"date":"2023-12-09T18:30:00","date_gmt":"2023-12-09T21:30:00","guid":{"rendered":"https:\/\/www.obispado-mdp.org.ar\/a\/?p=41796"},"modified":"2023-10-04T11:11:39","modified_gmt":"2023-10-04T14:11:39","slug":"evangelio-segun-san-marcos-11-8","status":"publish","type":"post","link":"https:\/\/www.obispado-mdp.org.ar\/a\/evangelio-segun-san-marcos-11-8\/","title":{"rendered":"Evangelio seg\u00fan San\u00a0Marcos\u00a01,1-8."},"content":{"rendered":"\n<p>Como est\u00e1 escrito en el libro del profeta Isa\u00edas: Mira, yo env\u00edo a mi mensajero delante de ti para prepararte el camino.<br>Una voz grita en el desierto: Preparen el camino del Se\u00f1or, allanen sus senderos,<br>as\u00ed se present\u00f3 Juan el Bautista en el desierto, proclamando un bautismo de conversi\u00f3n para el perd\u00f3n de los pecados.<br>Toda la gente de Judea y todos los habitantes de Jerusal\u00e9n acud\u00edan a \u00e9l, y se hac\u00edan bautizar en las aguas del Jord\u00e1n, confesando sus pecados.<br>Juan estaba vestido con una piel de camello y un cintur\u00f3n de cuero, y se alimentaba con langostas y miel silvestre. Y predicaba, diciendo:<br>\u00abDetr\u00e1s de m\u00ed vendr\u00e1 el que es m\u00e1s poderoso que yo, y yo ni siquiera soy digno de ponerme a sus pies para desatar la correa de sus sandalias.<br>Yo los he bautizado a ustedes con agua, pero \u00e9l los bautizar\u00e1 con el Esp\u00edritu Santo\u00bb.<\/p>\n\n\n\n<p class=\"has-text-align-right\"><em>Extra\u00eddo de la Biblia: Libro del Pueblo de Dios. <\/em><\/p>\n","protected":false},"excerpt":{"rendered":"<p>Como est\u00e1 escrito en el libro del profeta Isa\u00edas: Mira, yo env\u00edo a mi mensajero delante de ti para prepararte el camino.Una voz grita en el desierto: Preparen el camino del Se\u00f1or, allanen sus senderos,as\u00ed se present\u00f3 Juan el Bautista en el desierto, proclamando un bautismo de conversi\u00f3n para el perd\u00f3n de los pecados.Toda la [&hellip;]<\/p>\n","protected":false},"author":3,"featured_media":31456,"comment_status":"open","ping_status":"closed","sticky":false,"template":"","format":"standard","meta":{"_et_pb_use_builder":"off","_et_pb_old_content":"<!-- wp:paragraph -->\n<p> Al atardecer de ese mismo d\u00eda, el primero de la semana, estando cerradas las puertas del lugar donde se encontraban los disc\u00edpulos, por temor a los jud\u00edos, lleg\u00f3 Jes\u00fas y poni\u00e9ndose en medio de ellos, les dijo: \"\u00a1La paz est\u00e9 con ustedes!\".<br>Mientras dec\u00eda esto, les mostr\u00f3 sus manos y su costado. Los disc\u00edpulos se llenaron de alegr\u00eda cuando vieron al Se\u00f1or.<br>Jes\u00fas les dijo de nuevo: \"\u00a1La paz est\u00e9 con ustedes! Como el Padre me envi\u00f3 a m\u00ed, yo tambi\u00e9n los env\u00edo a ustedes\".<br>Al decirles esto, sopl\u00f3 sobre ellos y a\u00f1adi\u00f3: \"Reciban el Esp\u00edritu Santo.<br>Los pecados ser\u00e1n perdonados a los que ustedes se los perdonen, y ser\u00e1n retenidos a los que ustedes se los retengan\". <\/p>\n<!-- \/wp:paragraph -->\n\n<!-- wp:paragraph {\"align\":\"right\"} -->\n<p class=\"has-text-align-right\"><em>Extra\u00eddo de la Biblia: Libro del Pueblo de Dios. <\/em><\/p>\n<!-- \/wp:paragraph -->","_et_gb_content_width":""},"categories":[6],"tags":[],"aioseo_notices":[],"_links":{"self":[{"href":"https:\/\/www.obispado-mdp.org.ar\/a\/wp-json\/wp\/v2\/posts\/41796"}],"collection":[{"href":"https:\/\/www.obispado-mdp.org.ar\/a\/wp-json\/wp\/v2\/posts"}],"about":[{"href":"https:\/\/www.obispado-mdp.org.ar\/a\/wp-json\/wp\/v2\/types\/post"}],"author":[{"embeddable":true,"href":"https:\/\/www.obispado-mdp.org.ar\/a\/wp-json\/wp\/v2\/users\/3"}],"replies":[{"embeddable":true,"href":"https:\/\/www.obispado-mdp.org.ar\/a\/wp-json\/wp\/v2\/comments?post=41796"}],"version-history":[{"count":1,"href":"https:\/\/www.obispado-mdp.org.ar\/a\/wp-json\/wp\/v2\/posts\/41796\/revisions"}],"predecessor-version":[{"id":41797,"href":"https:\/\/www.obispado-mdp.org.ar\/a\/wp-json\/wp\/v2\/posts\/41796\/revisions\/41797"}],"wp:featuredmedia":[{"embeddable":true,"href":"https:\/\/www.obispado-mdp.org.ar\/a\/wp-json\/wp\/v2\/media\/31456"}],"wp:attachment":[{"href":"https:\/\/www.obispado-mdp.org.ar\/a\/wp-json\/wp\/v2\/media?parent=41796"}],"wp:term":[{"taxonomy":"category","embeddable":true,"href":"https:\/\/www.obispado-mdp.org.ar\/a\/wp-json\/wp\/v2\/categories?post=41796"},{"taxonomy":"post_tag","embeddable":true,"href":"https:\/\/www.obispado-mdp.org.ar\/a\/wp-json\/wp\/v2\/tags?post=41796"}],"curies":[{"name":"wp","href":"https:\/\/api.w.org\/{rel}","templated":true}]}}