{"id":41798,"date":"2023-12-10T18:30:00","date_gmt":"2023-12-10T21:30:00","guid":{"rendered":"https:\/\/www.obispado-mdp.org.ar\/a\/?p=41798"},"modified":"2023-10-04T11:12:33","modified_gmt":"2023-10-04T14:12:33","slug":"evangelio-segun-san-lucas-517-26-3","status":"publish","type":"post","link":"https:\/\/www.obispado-mdp.org.ar\/a\/evangelio-segun-san-lucas-517-26-3\/","title":{"rendered":"Evangelio seg\u00fan San\u00a0Lucas\u00a05,17-26."},"content":{"rendered":"\n<p>Un d\u00eda, mientras Jes\u00fas ense\u00f1aba, hab\u00eda entre los presentes algunos fariseos y doctores de la Ley, llegados de todas las regiones de Galilea, de Judea y de Jerusal\u00e9n. La fuerza del Se\u00f1or le daba poder para curar.<br>Llegaron entonces unas personas transportando a un paral\u00edtico sobre una camilla y buscaban el modo de entrar, para llevarlo ante Jes\u00fas.<br>Como no sab\u00edan por d\u00f3nde introducirlo a causa de la multitud, subieron a la terraza y, desde el techo, lo bajaron con su camilla en medio de la concurrencia y lo pusieron delante de Jes\u00fas.<br>Al ver su fe, Jes\u00fas le dijo: \u00abHombre, tus pecados te son perdonados\u00bb.<br>Los escribas y los fariseos comenzaron a preguntarse: \u00ab\u00bfQui\u00e9n es este que blasfema? \u00bfQui\u00e9n puede perdonar los pecados, sino s\u00f3lo Dios?\u00bb.<br>Pero Jes\u00fas, conociendo sus pensamientos, les dijo: \u00ab\u00bfQu\u00e9 es lo que est\u00e1n pensando?<br>\u00bfQu\u00e9 es m\u00e1s f\u00e1cil decir: &#8216;Tus pecados est\u00e1n perdonados&#8217;, o &#8216;Lev\u00e1ntate y camina&#8217;?.<br>Para que ustedes sepan que el Hijo del hombre tiene sobre la tierra el poder de perdonar los pecados -dijo al paral\u00edtico- yo te lo mando, lev\u00e1ntate, toma tu camilla y vuelve a tu casa\u00bb.<br>Inmediatamente se levant\u00f3 a la vista de todos, tom\u00f3 su camilla y se fue a su casa alabando a Dios.<br>Todos quedaron llenos de asombro y glorificaban a Dios, diciendo con gran temor: \u00abHoy hemos visto cosas maravillosas\u00bb.<\/p>\n\n\n\n<p class=\"has-text-align-right\"><em>Extra\u00eddo de la Biblia: Libro del Pueblo de Dios. <\/em><\/p>\n","protected":false},"excerpt":{"rendered":"<p>Un d\u00eda, mientras Jes\u00fas ense\u00f1aba, hab\u00eda entre los presentes algunos fariseos y doctores de la Ley, llegados de todas las regiones de Galilea, de Judea y de Jerusal\u00e9n. La fuerza del Se\u00f1or le daba poder para curar.Llegaron entonces unas personas transportando a un paral\u00edtico sobre una camilla y buscaban el modo de entrar, para llevarlo [&hellip;]<\/p>\n","protected":false},"author":3,"featured_media":31451,"comment_status":"open","ping_status":"closed","sticky":false,"template":"","format":"standard","meta":{"_et_pb_use_builder":"off","_et_pb_old_content":"<!-- wp:paragraph -->\n<p> Al atardecer de ese mismo d\u00eda, el primero de la semana, estando cerradas las puertas del lugar donde se encontraban los disc\u00edpulos, por temor a los jud\u00edos, lleg\u00f3 Jes\u00fas y poni\u00e9ndose en medio de ellos, les dijo: \"\u00a1La paz est\u00e9 con ustedes!\".<br>Mientras dec\u00eda esto, les mostr\u00f3 sus manos y su costado. Los disc\u00edpulos se llenaron de alegr\u00eda cuando vieron al Se\u00f1or.<br>Jes\u00fas les dijo de nuevo: \"\u00a1La paz est\u00e9 con ustedes! Como el Padre me envi\u00f3 a m\u00ed, yo tambi\u00e9n los env\u00edo a ustedes\".<br>Al decirles esto, sopl\u00f3 sobre ellos y a\u00f1adi\u00f3: \"Reciban el Esp\u00edritu Santo.<br>Los pecados ser\u00e1n perdonados a los que ustedes se los perdonen, y ser\u00e1n retenidos a los que ustedes se los retengan\". <\/p>\n<!-- \/wp:paragraph -->\n\n<!-- wp:paragraph {\"align\":\"right\"} -->\n<p class=\"has-text-align-right\"><em>Extra\u00eddo de la Biblia: Libro del Pueblo de Dios. <\/em><\/p>\n<!-- \/wp:paragraph -->","_et_gb_content_width":""},"categories":[6],"tags":[],"aioseo_notices":[],"_links":{"self":[{"href":"https:\/\/www.obispado-mdp.org.ar\/a\/wp-json\/wp\/v2\/posts\/41798"}],"collection":[{"href":"https:\/\/www.obispado-mdp.org.ar\/a\/wp-json\/wp\/v2\/posts"}],"about":[{"href":"https:\/\/www.obispado-mdp.org.ar\/a\/wp-json\/wp\/v2\/types\/post"}],"author":[{"embeddable":true,"href":"https:\/\/www.obispado-mdp.org.ar\/a\/wp-json\/wp\/v2\/users\/3"}],"replies":[{"embeddable":true,"href":"https:\/\/www.obispado-mdp.org.ar\/a\/wp-json\/wp\/v2\/comments?post=41798"}],"version-history":[{"count":1,"href":"https:\/\/www.obispado-mdp.org.ar\/a\/wp-json\/wp\/v2\/posts\/41798\/revisions"}],"predecessor-version":[{"id":41799,"href":"https:\/\/www.obispado-mdp.org.ar\/a\/wp-json\/wp\/v2\/posts\/41798\/revisions\/41799"}],"wp:featuredmedia":[{"embeddable":true,"href":"https:\/\/www.obispado-mdp.org.ar\/a\/wp-json\/wp\/v2\/media\/31451"}],"wp:attachment":[{"href":"https:\/\/www.obispado-mdp.org.ar\/a\/wp-json\/wp\/v2\/media?parent=41798"}],"wp:term":[{"taxonomy":"category","embeddable":true,"href":"https:\/\/www.obispado-mdp.org.ar\/a\/wp-json\/wp\/v2\/categories?post=41798"},{"taxonomy":"post_tag","embeddable":true,"href":"https:\/\/www.obispado-mdp.org.ar\/a\/wp-json\/wp\/v2\/tags?post=41798"}],"curies":[{"name":"wp","href":"https:\/\/api.w.org\/{rel}","templated":true}]}}