{"id":41810,"date":"2023-12-16T18:30:00","date_gmt":"2023-12-16T21:30:00","guid":{"rendered":"https:\/\/www.obispado-mdp.org.ar\/a\/?p=41810"},"modified":"2023-10-04T11:17:35","modified_gmt":"2023-10-04T14:17:35","slug":"evangelio-segun-san-juan-16-8-19-28","status":"publish","type":"post","link":"https:\/\/www.obispado-mdp.org.ar\/a\/evangelio-segun-san-juan-16-8-19-28\/","title":{"rendered":"Evangelio seg\u00fan San\u00a0Juan\u00a01,6-8.19-28."},"content":{"rendered":"\n<p>Apareci\u00f3 un hombre enviado por Dios, que se llamaba Juan.<br>Vino como testigo, para dar testimonio de la luz, para que todos creyeran por medio de \u00e9l.<br>El no era la luz, sino el testigo de la luz.<br>Este es el testimonio que dio Juan, cuando los jud\u00edos enviaron sacerdotes y levitas desde Jerusal\u00e9n, para preguntarle: \u00ab\u00bfQui\u00e9n eres t\u00fa?\u00bb.<br>El confes\u00f3 y no lo ocult\u00f3, sino que dijo claramente: \u00abYo no soy el Mes\u00edas\u00bb.<br>\u00ab\u00bfQui\u00e9n eres, entonces?\u00bb, le preguntaron: \u00ab\u00bfEres El\u00edas?\u00bb. Juan dijo: \u00abNo\u00bb. \u00ab\u00bfEres el Profeta?\u00bb. \u00abTampoco\u00bb, respondi\u00f3.<br>Ellos insistieron: \u00ab\u00bfQui\u00e9n eres, para que podamos dar una respuesta a los que nos han enviado? \u00bfQu\u00e9 dices de ti mismo?\u00bb.<br>Y \u00e9l les dijo: \u00abYo soy una voz que grita en el desierto: Allanen el camino del Se\u00f1or, como dijo el profeta Isa\u00edas\u00bb.<br>Algunos de los enviados eran fariseos,<br>y volvieron a preguntarle: \u00ab\u00bfPor qu\u00e9 bautizas, entonces, si tu no eres el Mes\u00edas, ni El\u00edas, ni el Profeta?\u00bb.<br>Juan respondi\u00f3: \u00abYo bautizo con agua, pero en medio de ustedes hay alguien al que ustedes no conocen:<br>\u00e9l viene despu\u00e9s de m\u00ed, y yo no soy digno de desatar la correa de su sandalia\u00bb.<br>Todo esto sucedi\u00f3 en Betania, al otro lado del Jord\u00e1n, donde Juan bautizaba.<\/p>\n\n\n\n<p class=\"has-text-align-right\"><em>Extra\u00eddo de la Biblia: Libro del Pueblo de Dios. <\/em><\/p>\n","protected":false},"excerpt":{"rendered":"<p>Apareci\u00f3 un hombre enviado por Dios, que se llamaba Juan.Vino como testigo, para dar testimonio de la luz, para que todos creyeran por medio de \u00e9l.El no era la luz, sino el testigo de la luz.Este es el testimonio que dio Juan, cuando los jud\u00edos enviaron sacerdotes y levitas desde Jerusal\u00e9n, para preguntarle: \u00ab\u00bfQui\u00e9n eres [&hellip;]<\/p>\n","protected":false},"author":3,"featured_media":31456,"comment_status":"open","ping_status":"closed","sticky":false,"template":"","format":"standard","meta":{"_et_pb_use_builder":"off","_et_pb_old_content":"<!-- wp:paragraph -->\n<p> Al atardecer de ese mismo d\u00eda, el primero de la semana, estando cerradas las puertas del lugar donde se encontraban los disc\u00edpulos, por temor a los jud\u00edos, lleg\u00f3 Jes\u00fas y poni\u00e9ndose en medio de ellos, les dijo: \"\u00a1La paz est\u00e9 con ustedes!\".<br>Mientras dec\u00eda esto, les mostr\u00f3 sus manos y su costado. Los disc\u00edpulos se llenaron de alegr\u00eda cuando vieron al Se\u00f1or.<br>Jes\u00fas les dijo de nuevo: \"\u00a1La paz est\u00e9 con ustedes! Como el Padre me envi\u00f3 a m\u00ed, yo tambi\u00e9n los env\u00edo a ustedes\".<br>Al decirles esto, sopl\u00f3 sobre ellos y a\u00f1adi\u00f3: \"Reciban el Esp\u00edritu Santo.<br>Los pecados ser\u00e1n perdonados a los que ustedes se los perdonen, y ser\u00e1n retenidos a los que ustedes se los retengan\". <\/p>\n<!-- \/wp:paragraph -->\n\n<!-- wp:paragraph {\"align\":\"right\"} -->\n<p class=\"has-text-align-right\"><em>Extra\u00eddo de la Biblia: Libro del Pueblo de Dios. <\/em><\/p>\n<!-- \/wp:paragraph -->","_et_gb_content_width":""},"categories":[6],"tags":[],"aioseo_notices":[],"_links":{"self":[{"href":"https:\/\/www.obispado-mdp.org.ar\/a\/wp-json\/wp\/v2\/posts\/41810"}],"collection":[{"href":"https:\/\/www.obispado-mdp.org.ar\/a\/wp-json\/wp\/v2\/posts"}],"about":[{"href":"https:\/\/www.obispado-mdp.org.ar\/a\/wp-json\/wp\/v2\/types\/post"}],"author":[{"embeddable":true,"href":"https:\/\/www.obispado-mdp.org.ar\/a\/wp-json\/wp\/v2\/users\/3"}],"replies":[{"embeddable":true,"href":"https:\/\/www.obispado-mdp.org.ar\/a\/wp-json\/wp\/v2\/comments?post=41810"}],"version-history":[{"count":1,"href":"https:\/\/www.obispado-mdp.org.ar\/a\/wp-json\/wp\/v2\/posts\/41810\/revisions"}],"predecessor-version":[{"id":41811,"href":"https:\/\/www.obispado-mdp.org.ar\/a\/wp-json\/wp\/v2\/posts\/41810\/revisions\/41811"}],"wp:featuredmedia":[{"embeddable":true,"href":"https:\/\/www.obispado-mdp.org.ar\/a\/wp-json\/wp\/v2\/media\/31456"}],"wp:attachment":[{"href":"https:\/\/www.obispado-mdp.org.ar\/a\/wp-json\/wp\/v2\/media?parent=41810"}],"wp:term":[{"taxonomy":"category","embeddable":true,"href":"https:\/\/www.obispado-mdp.org.ar\/a\/wp-json\/wp\/v2\/categories?post=41810"},{"taxonomy":"post_tag","embeddable":true,"href":"https:\/\/www.obispado-mdp.org.ar\/a\/wp-json\/wp\/v2\/tags?post=41810"}],"curies":[{"name":"wp","href":"https:\/\/api.w.org\/{rel}","templated":true}]}}