{"id":41814,"date":"2023-12-18T18:30:00","date_gmt":"2023-12-18T21:30:00","guid":{"rendered":"https:\/\/www.obispado-mdp.org.ar\/a\/?p=41814"},"modified":"2023-10-04T11:19:39","modified_gmt":"2023-10-04T14:19:39","slug":"evangelio-segun-san-lucas-15-25-2","status":"publish","type":"post","link":"https:\/\/www.obispado-mdp.org.ar\/a\/evangelio-segun-san-lucas-15-25-2\/","title":{"rendered":"Evangelio seg\u00fan San Lucas\u00a01,5-25."},"content":{"rendered":"\n<p>En tiempos de Herodes, rey de Judea, hab\u00eda un sacerdote llamado Zacar\u00edas, de la clase sacerdotal de Ab\u00edas. Su mujer, llamada Isabel, era descendiente de Aar\u00f3n.<br>Ambos eran justos a los ojos de Dios y segu\u00edan en forma irreprochable todos los mandamientos y preceptos del Se\u00f1or.<br>Pero no ten\u00edan hijos, porque Isabel era est\u00e9ril; y los dos eran de edad avanzada.<br>Un d\u00eda en que su clase estaba de turno y Zacar\u00edas ejerc\u00eda la funci\u00f3n sacerdotal delante de Dios,<br>le toc\u00f3 en suerte, seg\u00fan la costumbre lit\u00fargica, entrar en el Santuario del Se\u00f1or para quemar el incienso.<br>Toda la asamblea del pueblo permanec\u00eda afuera, en oraci\u00f3n, mientras se ofrec\u00eda el incienso.<br>Entonces se le apareci\u00f3 el Angel del Se\u00f1or, de pie, a la derecha del altar del incienso.<br>Al verlo, Zacar\u00edas qued\u00f3 desconcertado y tuvo miedo.<br>Pero el Angel le dijo: \u00abNo temas, Zacar\u00edas; tu s\u00faplica ha sido escuchada. Isabel, tu esposa, te dar\u00e1 un hijo al que llamar\u00e1s Juan.<br>El ser\u00e1 para ti un motivo de gozo y de alegr\u00eda, y muchos se alegrar\u00e1n de su nacimiento,<br>porque ser\u00e1 grande a los ojos del Se\u00f1or. No beber\u00e1 vino ni bebida alcoh\u00f3lica; estar\u00e1 lleno del Esp\u00edritu Santo desde el seno de su madre,<br>y har\u00e1 que muchos israelitas vuelvan al Se\u00f1or, su Dios.<br>Preceder\u00e1 al Se\u00f1or con el esp\u00edritu y el poder de El\u00edas, para reconciliar a los padres con sus hijos y atraer a los rebeldes a la sabidur\u00eda de los justos, preparando as\u00ed al Se\u00f1or un Pueblo bien dispuesto\u00bb.<br>Pero Zacar\u00edas dijo al Angel: \u00ab\u00bfC\u00f3mo puedo estar seguro de esto? Porque yo soy anciano y mi esposa es de edad avanzada\u00bb.<br>El Angel le respondi\u00f3: \u00abYo soy Gabriel , el que est\u00e1 delante de Dios, y he sido enviado para hablarte y anunciarte esta buena noticia.<br>Te quedar\u00e1s mudo, sin poder hablar hasta el d\u00eda en que sucedan estas cosas, por no haber cre\u00eddo en mis palabras, que se cumplir\u00e1n a su debido tiempo\u00bb.<br>Mientras tanto, el pueblo estaba esperando a Zacar\u00edas, extra\u00f1ado de que permaneciera tanto tiempo en el Santuario.<br>Cuando sali\u00f3, no pod\u00eda hablarles, y todos comprendieron que hab\u00eda tenido alguna visi\u00f3n en el Santuario. El se expresaba por se\u00f1as, porque se hab\u00eda quedado mudo.<br>Al cumplirse el tiempo de su servicio en el Templo, regres\u00f3 a su casa.<br>Poco despu\u00e9s, su esposa Isabel concibi\u00f3 un hijo y permaneci\u00f3 oculta durante cinco meses.<br>Ella pensaba: \u00abEsto es lo que el Se\u00f1or ha hecho por m\u00ed, cuando decidi\u00f3 librarme de lo que me avergonzaba ante los hombres\u00bb.<\/p>\n\n\n\n<p class=\"has-text-align-right\"><em>Extra\u00eddo de la Biblia: Libro del Pueblo de Dios. <\/em><\/p>\n","protected":false},"excerpt":{"rendered":"<p>En tiempos de Herodes, rey de Judea, hab\u00eda un sacerdote llamado Zacar\u00edas, de la clase sacerdotal de Ab\u00edas. Su mujer, llamada Isabel, era descendiente de Aar\u00f3n.Ambos eran justos a los ojos de Dios y segu\u00edan en forma irreprochable todos los mandamientos y preceptos del Se\u00f1or.Pero no ten\u00edan hijos, porque Isabel era est\u00e9ril; y los dos [&hellip;]<\/p>\n","protected":false},"author":3,"featured_media":31452,"comment_status":"open","ping_status":"closed","sticky":false,"template":"","format":"standard","meta":{"_et_pb_use_builder":"off","_et_pb_old_content":"<!-- wp:paragraph -->\n<p> Al atardecer de ese mismo d\u00eda, el primero de la semana, estando cerradas las puertas del lugar donde se encontraban los disc\u00edpulos, por temor a los jud\u00edos, lleg\u00f3 Jes\u00fas y poni\u00e9ndose en medio de ellos, les dijo: \"\u00a1La paz est\u00e9 con ustedes!\".<br>Mientras dec\u00eda esto, les mostr\u00f3 sus manos y su costado. Los disc\u00edpulos se llenaron de alegr\u00eda cuando vieron al Se\u00f1or.<br>Jes\u00fas les dijo de nuevo: \"\u00a1La paz est\u00e9 con ustedes! Como el Padre me envi\u00f3 a m\u00ed, yo tambi\u00e9n los env\u00edo a ustedes\".<br>Al decirles esto, sopl\u00f3 sobre ellos y a\u00f1adi\u00f3: \"Reciban el Esp\u00edritu Santo.<br>Los pecados ser\u00e1n perdonados a los que ustedes se los perdonen, y ser\u00e1n retenidos a los que ustedes se los retengan\". <\/p>\n<!-- \/wp:paragraph -->\n\n<!-- wp:paragraph {\"align\":\"right\"} -->\n<p class=\"has-text-align-right\"><em>Extra\u00eddo de la Biblia: Libro del Pueblo de Dios. <\/em><\/p>\n<!-- \/wp:paragraph -->","_et_gb_content_width":""},"categories":[6],"tags":[],"aioseo_notices":[],"_links":{"self":[{"href":"https:\/\/www.obispado-mdp.org.ar\/a\/wp-json\/wp\/v2\/posts\/41814"}],"collection":[{"href":"https:\/\/www.obispado-mdp.org.ar\/a\/wp-json\/wp\/v2\/posts"}],"about":[{"href":"https:\/\/www.obispado-mdp.org.ar\/a\/wp-json\/wp\/v2\/types\/post"}],"author":[{"embeddable":true,"href":"https:\/\/www.obispado-mdp.org.ar\/a\/wp-json\/wp\/v2\/users\/3"}],"replies":[{"embeddable":true,"href":"https:\/\/www.obispado-mdp.org.ar\/a\/wp-json\/wp\/v2\/comments?post=41814"}],"version-history":[{"count":1,"href":"https:\/\/www.obispado-mdp.org.ar\/a\/wp-json\/wp\/v2\/posts\/41814\/revisions"}],"predecessor-version":[{"id":41815,"href":"https:\/\/www.obispado-mdp.org.ar\/a\/wp-json\/wp\/v2\/posts\/41814\/revisions\/41815"}],"wp:featuredmedia":[{"embeddable":true,"href":"https:\/\/www.obispado-mdp.org.ar\/a\/wp-json\/wp\/v2\/media\/31452"}],"wp:attachment":[{"href":"https:\/\/www.obispado-mdp.org.ar\/a\/wp-json\/wp\/v2\/media?parent=41814"}],"wp:term":[{"taxonomy":"category","embeddable":true,"href":"https:\/\/www.obispado-mdp.org.ar\/a\/wp-json\/wp\/v2\/categories?post=41814"},{"taxonomy":"post_tag","embeddable":true,"href":"https:\/\/www.obispado-mdp.org.ar\/a\/wp-json\/wp\/v2\/tags?post=41814"}],"curies":[{"name":"wp","href":"https:\/\/api.w.org\/{rel}","templated":true}]}}